{"id":14554,"date":"2025-10-08T12:15:00","date_gmt":"2025-10-08T10:15:00","guid":{"rendered":"https:\/\/blog.uclm.es\/archivoartea\/?p=14554"},"modified":"2026-04-29T14:01:54","modified_gmt":"2026-04-29T12:01:54","slug":"loose-ends","status":"publish","type":"post","link":"https:\/\/blog.uclm.es\/archivoartea\/2025\/10\/08\/loose-ends\/","title":{"rendered":"Loose Ends"},"content":{"rendered":"\n<h4 class=\"wp-block-heading\"><a href=\"https:\/\/blog.uclm.es\/archivoartea\/2014\/03\/03\/esperanza-collado\/\" data-type=\"post\" data-id=\"12016\">Esperanza Collado<\/a><\/h4>\n\n\n\n<p>2024-25<\/p>\n\n\n\n<figure class=\"wp-block-image size-large\"><img loading=\"lazy\" decoding=\"async\" width=\"4000\" height=\"2667\" src=\"https:\/\/blog.uclm.es\/archivoartea\/wp-content\/uploads\/sites\/323\/2026\/04\/Esperanza-collado-Loose-ends-1-4000x2667.jpeg\" alt=\"\" class=\"wp-image-14556\" srcset=\"https:\/\/blog.uclm.es\/archivoartea\/wp-content\/uploads\/sites\/323\/2026\/04\/Esperanza-collado-Loose-ends-1-4000x2667.jpeg 4000w, https:\/\/blog.uclm.es\/archivoartea\/wp-content\/uploads\/sites\/323\/2026\/04\/Esperanza-collado-Loose-ends-1-300x200.jpeg 300w, https:\/\/blog.uclm.es\/archivoartea\/wp-content\/uploads\/sites\/323\/2026\/04\/Esperanza-collado-Loose-ends-1-768x512.jpeg 768w, https:\/\/blog.uclm.es\/archivoartea\/wp-content\/uploads\/sites\/323\/2026\/04\/Esperanza-collado-Loose-ends-1-1536x1024.jpeg 1536w, https:\/\/blog.uclm.es\/archivoartea\/wp-content\/uploads\/sites\/323\/2026\/04\/Esperanza-collado-Loose-ends-1-2048x1365.jpeg 2048w\" sizes=\"auto, (max-width: 4000px) 100vw, 4000px\" \/><figcaption class=\"wp-element-caption\"><sup>Foto: Joaqu\u00edn Garrido. FIC de Valdivia<\/sup><\/figcaption><\/figure>\n\n\n\n<blockquote class=\"wp-block-quote has-text-align-right is-layout-flow wp-block-quote-is-layout-flow\">\n<pre class=\"wp-block-verse\"><strong>Cabos sueltos<\/strong>. <\/pre>\n\n\n\n<p><strong>M<em>\u00e1s peque\u00f1o que lo menor&#8230; y casi no existi\u00f3<\/em><\/strong><\/p>\n\n\n\n<p><\/p>\n<\/blockquote>\n\n\n\n<p>Performance. Mixed media. 50 mins&nbsp;<\/p>\n\n\n\n<p>Presentado en la Galer\u00eda R\u00e9plica. 32 FIC Valdivia (Chile), Cineteca, Matadero Madrid y Museo de Arte Abstracto, Cuenca (Comunidades So\u00f1antes 2026)<\/p>\n\n\n\n<p><em>\u00bfEs posible imaginar una pel\u00edcula que sea s\u00f3lo la enunciaci\u00f3n de su propia condici\u00f3n?<\/em><\/p>\n\n\n\n<p>En 2014, tras reunir una serie de descartes y tomas filmadas en 16 mm para formar parte de distintas performances, comienza una serie de montajes especulativos bajo el nombre de&nbsp;<em>Loose Ends \/ Cabos sueltos<\/em>.&nbsp;<\/p>\n\n\n\n<p>Tras muchos intentos por fijar su forma definitiva, la pel\u00edcula iba a exponerse en una galer\u00eda de arte en 2022, pero tanto el negativo como la copia de proyecci\u00f3n se perdieron en el transporte desde el laboratorio en Berl\u00edn.&nbsp;<\/p>\n\n\n\n<p>A trav\u00e9s de una serie de declaraciones verbales, sonoras y visuales,&nbsp;<em>Loose Ends<\/em>&nbsp;se convierte ahora en pura virtualidad, una pel\u00edcula suspendida o por venir, activada o materializada en la diseminaci\u00f3n performativa de sus elementos constituyentes.*<\/p>\n\n\n\n<p>La obra se presenta como una presencia espectral: lo que queda cuando desaparece el soporte material. La performance funciona a la vez como pr\u00e1ctica conmemorativa y como contra-archivo, donde la ausencia se convierte en generativa en lugar de definitiva. Al enunciar su propia imposibilidad, Loose Ends cuestiona los l\u00edmites entre la presencia y la desaparici\u00f3n, la materialidad y la memoria, desafiando las narrativas lineales de la culminaci\u00f3n y la p\u00e9rdida, al tiempo que insiste en modos desmaterializados de existencia cinematogr\u00e1fica.<\/p>\n\n\n\n<p>* Erik Bullot,&nbsp;<em>Cine de lo posible<\/em>&nbsp;(La Fuga, Metales pesados, 2021)<\/p>\n\n\n\n<figure class=\"wp-block-gallery has-nested-images columns-default is-cropped wp-block-gallery-1 is-layout-flex wp-block-gallery-is-layout-flex\">\n<figure class=\"wp-block-image size-large\"><img loading=\"lazy\" decoding=\"async\" width=\"4000\" height=\"2667\" data-id=\"14557\" src=\"https:\/\/blog.uclm.es\/archivoartea\/wp-content\/uploads\/sites\/323\/2026\/04\/Esperanza-collado-Loose-ends-2-4000x2667.jpeg\" alt=\"\" class=\"wp-image-14557\" srcset=\"https:\/\/blog.uclm.es\/archivoartea\/wp-content\/uploads\/sites\/323\/2026\/04\/Esperanza-collado-Loose-ends-2-4000x2667.jpeg 4000w, https:\/\/blog.uclm.es\/archivoartea\/wp-content\/uploads\/sites\/323\/2026\/04\/Esperanza-collado-Loose-ends-2-300x200.jpeg 300w, https:\/\/blog.uclm.es\/archivoartea\/wp-content\/uploads\/sites\/323\/2026\/04\/Esperanza-collado-Loose-ends-2-768x512.jpeg 768w, https:\/\/blog.uclm.es\/archivoartea\/wp-content\/uploads\/sites\/323\/2026\/04\/Esperanza-collado-Loose-ends-2-1536x1024.jpeg 1536w, https:\/\/blog.uclm.es\/archivoartea\/wp-content\/uploads\/sites\/323\/2026\/04\/Esperanza-collado-Loose-ends-2-2048x1365.jpeg 2048w\" sizes=\"auto, (max-width: 4000px) 100vw, 4000px\" \/><\/figure>\n\n\n\n<figure class=\"wp-block-image size-large\"><img loading=\"lazy\" decoding=\"async\" width=\"2560\" height=\"1511\" data-id=\"14558\" src=\"https:\/\/blog.uclm.es\/archivoartea\/wp-content\/uploads\/sites\/323\/2026\/04\/Esperanza-collado-Loose-ends-3-scaled.jpeg\" alt=\"\" class=\"wp-image-14558\" srcset=\"https:\/\/blog.uclm.es\/archivoartea\/wp-content\/uploads\/sites\/323\/2026\/04\/Esperanza-collado-Loose-ends-3-scaled.jpeg 2560w, https:\/\/blog.uclm.es\/archivoartea\/wp-content\/uploads\/sites\/323\/2026\/04\/Esperanza-collado-Loose-ends-3-300x177.jpeg 300w, https:\/\/blog.uclm.es\/archivoartea\/wp-content\/uploads\/sites\/323\/2026\/04\/Esperanza-collado-Loose-ends-3-768x453.jpeg 768w, https:\/\/blog.uclm.es\/archivoartea\/wp-content\/uploads\/sites\/323\/2026\/04\/Esperanza-collado-Loose-ends-3-1536x906.jpeg 1536w, https:\/\/blog.uclm.es\/archivoartea\/wp-content\/uploads\/sites\/323\/2026\/04\/Esperanza-collado-Loose-ends-3-2048x1209.jpeg 2048w\" sizes=\"auto, (max-width: 2560px) 100vw, 2560px\" \/><\/figure>\n\n\n\n<figure class=\"wp-block-image size-large\"><img loading=\"lazy\" decoding=\"async\" width=\"4000\" height=\"2667\" data-id=\"14559\" src=\"https:\/\/blog.uclm.es\/archivoartea\/wp-content\/uploads\/sites\/323\/2026\/04\/Esperanza-collado-Loose-ends-4-4000x2667.jpeg\" alt=\"\" class=\"wp-image-14559\" srcset=\"https:\/\/blog.uclm.es\/archivoartea\/wp-content\/uploads\/sites\/323\/2026\/04\/Esperanza-collado-Loose-ends-4-4000x2667.jpeg 4000w, https:\/\/blog.uclm.es\/archivoartea\/wp-content\/uploads\/sites\/323\/2026\/04\/Esperanza-collado-Loose-ends-4-300x200.jpeg 300w, https:\/\/blog.uclm.es\/archivoartea\/wp-content\/uploads\/sites\/323\/2026\/04\/Esperanza-collado-Loose-ends-4-768x512.jpeg 768w, https:\/\/blog.uclm.es\/archivoartea\/wp-content\/uploads\/sites\/323\/2026\/04\/Esperanza-collado-Loose-ends-4-1536x1024.jpeg 1536w, https:\/\/blog.uclm.es\/archivoartea\/wp-content\/uploads\/sites\/323\/2026\/04\/Esperanza-collado-Loose-ends-4-2048x1365.jpeg 2048w\" sizes=\"auto, (max-width: 4000px) 100vw, 4000px\" \/><\/figure>\n<\/figure>\n\n\n\n<p><sup>Fotos: Joaqu\u00edn Garrido. FIC de Valdivia<\/sup><\/p>\n\n\n\n<figure class=\"wp-block-image size-full\"><img loading=\"lazy\" decoding=\"async\" width=\"1893\" height=\"2560\" src=\"https:\/\/blog.uclm.es\/archivoartea\/wp-content\/uploads\/sites\/323\/2026\/04\/Esperanza-collado-Loose-ends-0-scaled.jpeg\" alt=\"\" class=\"wp-image-14560\" srcset=\"https:\/\/blog.uclm.es\/archivoartea\/wp-content\/uploads\/sites\/323\/2026\/04\/Esperanza-collado-Loose-ends-0-scaled.jpeg 1893w, https:\/\/blog.uclm.es\/archivoartea\/wp-content\/uploads\/sites\/323\/2026\/04\/Esperanza-collado-Loose-ends-0-222x300.jpeg 222w, https:\/\/blog.uclm.es\/archivoartea\/wp-content\/uploads\/sites\/323\/2026\/04\/Esperanza-collado-Loose-ends-0-768x1038.jpeg 768w, https:\/\/blog.uclm.es\/archivoartea\/wp-content\/uploads\/sites\/323\/2026\/04\/Esperanza-collado-Loose-ends-0-1136x1536.jpeg 1136w, https:\/\/blog.uclm.es\/archivoartea\/wp-content\/uploads\/sites\/323\/2026\/04\/Esperanza-collado-Loose-ends-0-1515x2048.jpeg 1515w\" sizes=\"auto, (max-width: 1893px) 100vw, 1893px\" \/><\/figure>\n","protected":false},"excerpt":{"rendered":"<p>Esperanza Collado. 2024-25. Performance<\/p>\n","protected":false},"author":285,"featured_media":14556,"comment_status":"open","ping_status":"open","sticky":false,"template":"","format":"standard","meta":{"footnotes":""},"categories":[28],"tags":[532],"class_list":["post-14554","post","type-post","status-publish","format-standard","has-post-thumbnail","hentry","category-obra","tag-paracinema"],"_links":{"self":[{"href":"https:\/\/blog.uclm.es\/archivoartea\/wp-json\/wp\/v2\/posts\/14554","targetHints":{"allow":["GET"]}}],"collection":[{"href":"https:\/\/blog.uclm.es\/archivoartea\/wp-json\/wp\/v2\/posts"}],"about":[{"href":"https:\/\/blog.uclm.es\/archivoartea\/wp-json\/wp\/v2\/types\/post"}],"author":[{"embeddable":true,"href":"https:\/\/blog.uclm.es\/archivoartea\/wp-json\/wp\/v2\/users\/285"}],"replies":[{"embeddable":true,"href":"https:\/\/blog.uclm.es\/archivoartea\/wp-json\/wp\/v2\/comments?post=14554"}],"version-history":[{"count":2,"href":"https:\/\/blog.uclm.es\/archivoartea\/wp-json\/wp\/v2\/posts\/14554\/revisions"}],"predecessor-version":[{"id":14573,"href":"https:\/\/blog.uclm.es\/archivoartea\/wp-json\/wp\/v2\/posts\/14554\/revisions\/14573"}],"wp:featuredmedia":[{"embeddable":true,"href":"https:\/\/blog.uclm.es\/archivoartea\/wp-json\/wp\/v2\/media\/14556"}],"wp:attachment":[{"href":"https:\/\/blog.uclm.es\/archivoartea\/wp-json\/wp\/v2\/media?parent=14554"}],"wp:term":[{"taxonomy":"category","embeddable":true,"href":"https:\/\/blog.uclm.es\/archivoartea\/wp-json\/wp\/v2\/categories?post=14554"},{"taxonomy":"post_tag","embeddable":true,"href":"https:\/\/blog.uclm.es\/archivoartea\/wp-json\/wp\/v2\/tags?post=14554"}],"curies":[{"name":"wp","href":"https:\/\/api.w.org\/{rel}","templated":true}]}}