{"id":14508,"date":"2011-05-18T11:56:00","date_gmt":"2011-05-18T09:56:00","guid":{"rendered":"https:\/\/blog.uclm.es\/archivoartea\/?p=14508"},"modified":"2026-04-28T12:02:02","modified_gmt":"2026-04-28T10:02:02","slug":"escenas-para-una-conversacion-despues-del-visionado-de-una-pelicula-de-michael-haneke","status":"publish","type":"post","link":"https:\/\/blog.uclm.es\/archivoartea\/2011\/05\/18\/escenas-para-una-conversacion-despues-del-visionado-de-una-pelicula-de-michael-haneke\/","title":{"rendered":"Escenas para una conversaci\u00f3n despu\u00e9s del visionado de una pel\u00edcula de Michael Haneke"},"content":{"rendered":"\n<h4 class=\"wp-block-heading\"><a href=\"https:\/\/blog.uclm.es\/archivoartea\/2014\/04\/28\/el-conde-de-torrefiel\/\" data-type=\"post\" data-id=\"14466\">El Conde de Torrefiel<\/a><\/h4>\n\n\n\n<p>2011<\/p>\n\n\n\n<figure class=\"wp-block-image size-full\"><img loading=\"lazy\" decoding=\"async\" width=\"1555\" height=\"1037\" src=\"https:\/\/blog.uclm.es\/archivoartea\/wp-content\/uploads\/sites\/323\/2026\/04\/ElcondedeTorrefiel.2011.EscenasHanecke-2.jpeg\" alt=\"\" class=\"wp-image-14510\" srcset=\"https:\/\/blog.uclm.es\/archivoartea\/wp-content\/uploads\/sites\/323\/2026\/04\/ElcondedeTorrefiel.2011.EscenasHanecke-2.jpeg 1555w, https:\/\/blog.uclm.es\/archivoartea\/wp-content\/uploads\/sites\/323\/2026\/04\/ElcondedeTorrefiel.2011.EscenasHanecke-2-300x200.jpeg 300w, https:\/\/blog.uclm.es\/archivoartea\/wp-content\/uploads\/sites\/323\/2026\/04\/ElcondedeTorrefiel.2011.EscenasHanecke-2-768x512.jpeg 768w, https:\/\/blog.uclm.es\/archivoartea\/wp-content\/uploads\/sites\/323\/2026\/04\/ElcondedeTorrefiel.2011.EscenasHanecke-2-1536x1024.jpeg 1536w\" sizes=\"auto, (max-width: 1555px) 100vw, 1555px\" \/><\/figure>\n\n\n\n<ul class=\"wp-block-list\">\n<li>Idea y creaci\u00f3n: El Conde de Torrefiel\u00a0<\/li>\n\n\n\n<li>Direcci\u00f3n y dramaturgia: Pablo Gisbert\u00a0<\/li>\n\n\n\n<li>Int\u00e9rpretes\u00a0: Quim Bigas \/ Tanya Beyeler \/ Isaac Forteza \/\u00a0David Mallols \/ Mario Pons-Maci\u00e0\u00a0<\/li>\n\n\n\n<li>Dise\u00f1o de luces: Marcela Prado<\/li>\n\n\n\n<li>Dir. t\u00e9cnico en gira\u00a0: Isaac Torres\u00a0<\/li>\n\n\n\n<li>Foto\u00a0: Mara Arteaga Hern\u00e1ndez \/ Edu P\u00e9rez<\/li>\n\n\n\n<li>Colaboradores: Ana Rovira \/ M\u00f3nica Garc\u00eda \/ Paco Nevado \/\u00a0Vanessa Medina \/ Vicente Mallols \/ Roberto Baldinelli<\/li>\n\n\n\n<li>Con el apoyo de: INAEM, ICEC, Institut Ram\u00f3n LLull, Antic Teatre<br><\/li>\n<\/ul>\n\n\n\n<blockquote class=\"wp-block-quote is-layout-flow wp-block-quote-is-layout-flow\">\n<p>Nadie supo nunca qu\u00e9 hacer con su vida.&nbsp;<br>Por eso, en una ciudad, existen tantas&nbsp;<br>posibilidades para poder concretar una vida.&nbsp;<br>Y por eso, porque en una ciudad hay tantas posibilidades&nbsp;<br>para concretar un vida, nadie supo nunca qu\u00e9 hacer con su vida.<br><br>Desastres que resultan casi imperceptibles&nbsp;<br>por su car\u00e1cter cotidiano.<\/p>\n\n\n\n<p>Informaci\u00f3n tomada de: <a href=\"https:\/\/www.elcondedetorrefiel.com\/escenasparaunaconversacion.html\">https:\/\/www.elcondedetorrefiel.com\/escenasparaunaconversacion.html<\/a><\/p>\n<\/blockquote>\n\n\n\n<figure class=\"wp-block-gallery has-nested-images columns-default is-cropped wp-block-gallery-1 is-layout-flex wp-block-gallery-is-layout-flex\">\n<figure class=\"wp-block-image size-large\"><img loading=\"lazy\" decoding=\"async\" width=\"2560\" height=\"1289\" data-id=\"14511\" src=\"https:\/\/blog.uclm.es\/archivoartea\/wp-content\/uploads\/sites\/323\/2026\/04\/ElcondedeTorrefiel.2011.EscenasHanecke-3-scaled.jpeg\" alt=\"\" class=\"wp-image-14511\" srcset=\"https:\/\/blog.uclm.es\/archivoartea\/wp-content\/uploads\/sites\/323\/2026\/04\/ElcondedeTorrefiel.2011.EscenasHanecke-3-scaled.jpeg 2560w, https:\/\/blog.uclm.es\/archivoartea\/wp-content\/uploads\/sites\/323\/2026\/04\/ElcondedeTorrefiel.2011.EscenasHanecke-3-300x151.jpeg 300w, https:\/\/blog.uclm.es\/archivoartea\/wp-content\/uploads\/sites\/323\/2026\/04\/ElcondedeTorrefiel.2011.EscenasHanecke-3-768x387.jpeg 768w, https:\/\/blog.uclm.es\/archivoartea\/wp-content\/uploads\/sites\/323\/2026\/04\/ElcondedeTorrefiel.2011.EscenasHanecke-3-1536x773.jpeg 1536w, https:\/\/blog.uclm.es\/archivoartea\/wp-content\/uploads\/sites\/323\/2026\/04\/ElcondedeTorrefiel.2011.EscenasHanecke-3-2048x1031.jpeg 2048w\" sizes=\"auto, (max-width: 2560px) 100vw, 2560px\" \/><\/figure>\n\n\n\n<figure class=\"wp-block-image size-large\"><img loading=\"lazy\" decoding=\"async\" width=\"2142\" height=\"1406\" data-id=\"14509\" src=\"https:\/\/blog.uclm.es\/archivoartea\/wp-content\/uploads\/sites\/323\/2026\/04\/ElcondedeTorrefiel.2011.EscenasHanecke-1.jpeg\" alt=\"\" class=\"wp-image-14509\" srcset=\"https:\/\/blog.uclm.es\/archivoartea\/wp-content\/uploads\/sites\/323\/2026\/04\/ElcondedeTorrefiel.2011.EscenasHanecke-1.jpeg 2142w, https:\/\/blog.uclm.es\/archivoartea\/wp-content\/uploads\/sites\/323\/2026\/04\/ElcondedeTorrefiel.2011.EscenasHanecke-1-300x197.jpeg 300w, https:\/\/blog.uclm.es\/archivoartea\/wp-content\/uploads\/sites\/323\/2026\/04\/ElcondedeTorrefiel.2011.EscenasHanecke-1-768x504.jpeg 768w, https:\/\/blog.uclm.es\/archivoartea\/wp-content\/uploads\/sites\/323\/2026\/04\/ElcondedeTorrefiel.2011.EscenasHanecke-1-1536x1008.jpeg 1536w, https:\/\/blog.uclm.es\/archivoartea\/wp-content\/uploads\/sites\/323\/2026\/04\/ElcondedeTorrefiel.2011.EscenasHanecke-1-2048x1344.jpeg 2048w\" sizes=\"auto, (max-width: 2142px) 100vw, 2142px\" \/><\/figure>\n<\/figure>\n\n\n\n<figure class=\"wp-block-image size-full\"><img loading=\"lazy\" decoding=\"async\" width=\"861\" height=\"652\" src=\"https:\/\/blog.uclm.es\/archivoartea\/wp-content\/uploads\/sites\/323\/2026\/04\/ElcondedeTorrefiel.2011.EscenasHanecke.jpeg\" alt=\"\" class=\"wp-image-14512\" srcset=\"https:\/\/blog.uclm.es\/archivoartea\/wp-content\/uploads\/sites\/323\/2026\/04\/ElcondedeTorrefiel.2011.EscenasHanecke.jpeg 861w, https:\/\/blog.uclm.es\/archivoartea\/wp-content\/uploads\/sites\/323\/2026\/04\/ElcondedeTorrefiel.2011.EscenasHanecke-300x227.jpeg 300w, https:\/\/blog.uclm.es\/archivoartea\/wp-content\/uploads\/sites\/323\/2026\/04\/ElcondedeTorrefiel.2011.EscenasHanecke-768x582.jpeg 768w\" sizes=\"auto, (max-width: 861px) 100vw, 861px\" \/><\/figure>\n","protected":false},"excerpt":{"rendered":"<p>El Conde de Torrefiel. 2011. Obra esc\u00e9nica<\/p>\n","protected":false},"author":285,"featured_media":14510,"comment_status":"open","ping_status":"open","sticky":false,"template":"","format":"standard","meta":{"footnotes":""},"categories":[28],"tags":[],"class_list":["post-14508","post","type-post","status-publish","format-standard","has-post-thumbnail","hentry","category-obra"],"_links":{"self":[{"href":"https:\/\/blog.uclm.es\/archivoartea\/wp-json\/wp\/v2\/posts\/14508","targetHints":{"allow":["GET"]}}],"collection":[{"href":"https:\/\/blog.uclm.es\/archivoartea\/wp-json\/wp\/v2\/posts"}],"about":[{"href":"https:\/\/blog.uclm.es\/archivoartea\/wp-json\/wp\/v2\/types\/post"}],"author":[{"embeddable":true,"href":"https:\/\/blog.uclm.es\/archivoartea\/wp-json\/wp\/v2\/users\/285"}],"replies":[{"embeddable":true,"href":"https:\/\/blog.uclm.es\/archivoartea\/wp-json\/wp\/v2\/comments?post=14508"}],"version-history":[{"count":1,"href":"https:\/\/blog.uclm.es\/archivoartea\/wp-json\/wp\/v2\/posts\/14508\/revisions"}],"predecessor-version":[{"id":14513,"href":"https:\/\/blog.uclm.es\/archivoartea\/wp-json\/wp\/v2\/posts\/14508\/revisions\/14513"}],"wp:featuredmedia":[{"embeddable":true,"href":"https:\/\/blog.uclm.es\/archivoartea\/wp-json\/wp\/v2\/media\/14510"}],"wp:attachment":[{"href":"https:\/\/blog.uclm.es\/archivoartea\/wp-json\/wp\/v2\/media?parent=14508"}],"wp:term":[{"taxonomy":"category","embeddable":true,"href":"https:\/\/blog.uclm.es\/archivoartea\/wp-json\/wp\/v2\/categories?post=14508"},{"taxonomy":"post_tag","embeddable":true,"href":"https:\/\/blog.uclm.es\/archivoartea\/wp-json\/wp\/v2\/tags?post=14508"}],"curies":[{"name":"wp","href":"https:\/\/api.w.org\/{rel}","templated":true}]}}