{"id":14500,"date":"2013-10-04T11:42:00","date_gmt":"2013-10-04T09:42:00","guid":{"rendered":"https:\/\/blog.uclm.es\/archivoartea\/?p=14500"},"modified":"2026-04-28T11:47:25","modified_gmt":"2026-04-28T09:47:25","slug":"la-chica-de-la-agencia-de-viajes-nos-dijo-que-habia-piscina-en-el-apartamento","status":"publish","type":"post","link":"https:\/\/blog.uclm.es\/archivoartea\/2013\/10\/04\/la-chica-de-la-agencia-de-viajes-nos-dijo-que-habia-piscina-en-el-apartamento\/","title":{"rendered":"La chica de la agencia de viajes nos dijo que hab\u00eda piscina en el apartamento"},"content":{"rendered":"\n<h4 class=\"wp-block-heading\"><a href=\"https:\/\/blog.uclm.es\/archivoartea\/2014\/04\/28\/el-conde-de-torrefiel\/\" data-type=\"post\" data-id=\"14466\">El Conde de Torrefiel<\/a><\/h4>\n\n\n\n<p>2013<\/p>\n\n\n\n<figure class=\"wp-block-image size-full\"><img loading=\"lazy\" decoding=\"async\" width=\"564\" height=\"783\" src=\"https:\/\/blog.uclm.es\/archivoartea\/wp-content\/uploads\/sites\/323\/2026\/04\/Elcondedetorrefiel.2013.La-chica-de-la-agencia-1.jpeg\" alt=\"\" class=\"wp-image-14501\" srcset=\"https:\/\/blog.uclm.es\/archivoartea\/wp-content\/uploads\/sites\/323\/2026\/04\/Elcondedetorrefiel.2013.La-chica-de-la-agencia-1.jpeg 564w, https:\/\/blog.uclm.es\/archivoartea\/wp-content\/uploads\/sites\/323\/2026\/04\/Elcondedetorrefiel.2013.La-chica-de-la-agencia-1-216x300.jpeg 216w\" sizes=\"auto, (max-width: 564px) 100vw, 564px\" \/><\/figure>\n\n\n\n<ul class=\"wp-block-list\">\n<li>Idea y creaci\u00f3n: El Conde de Torrefiel\u00a0<\/li>\n\n\n\n<li>Direcci\u00f3n y dramaturgia: Pablo Gisbert<\/li>\n\n\n\n<li>Texto: Pablo Gisbert con las int\u00e9rpretes<\/li>\n\n\n\n<li>Int\u00e9rpretes: Cris Celada, Tanya Beyeler &amp; Guests<\/li>\n\n\n\n<li>Iluminaci\u00f3n: Octavio Mas\u00a0<\/li>\n\n\n\n<li>Escenograf\u00eda: El Conde de Torrefiel\u00a0<\/li>\n\n\n\n<li>Performers coro: Amaranta Velarde \/ Andreu Mart\u00ednez \/ Nico Carbajal \/\u00a0M\u00f3nica Almirall \/ David Mallols \/ Albert P\u00e9rez \/\u00a0Xantal Gabarr\u00f3 \/ Idurre Azkue \/ Gloria March \/\u00a0Isaac Torres \/ Tatiana Garland \/ Andreu Mart\u00ednez \/\u00a0Alejandro G.Ruffoni\u00a0<\/li>\n\n\n\n<li>Una coproducci\u00f3n de:Festival TNT, Terrassa Noves Tend\u00e8ncies, Graner &#8211; Centre de creaci\u00f3, Barcelona, con la colaboraci\u00f3n de AZALA, Espacio de creaci\u00f3n, L&#8217;Estruch de Sabadell, GRANER Centre de Creaci\u00f3 de Barcelona, Festival BAD de Bilbao, OSIC (Generalitat de Catalunya)<\/li>\n\n\n\n<li>Estreno: 4\/10\/2013. Festival TNT, Terrasa<\/li>\n<\/ul>\n\n\n\n<blockquote class=\"wp-block-quote is-layout-flow wp-block-quote-is-layout-flow\">\n<p>\u00abDurante un segundo de lucidez tuve la certeza de que nos hab\u00edamos vuelto locos. Pero a ese segundo de lucidez se antepuso un supersegundo de superlucidez en donde pens\u00e9 que aquella escena era el resultado l\u00f3gico de nuestras vidas absurdas.\u00bb\u00a0Roberto bola\u00f1o<\/p>\n<\/blockquote>\n\n\n\n<p>Durante las vacaciones el tiempo se convierte en otra forma de tiempo, independiente y excepcional, permiti\u00e9ndonos vivir experiencias \u00fanicas que se constituyen como un universo paralelo pensado principalmente para saciar nuestra idea de felicidad. Las vacaciones son un ejercicio de autismo voluntario, una interrupci\u00f3n circunstancial para olvidarse moment\u00e1neamente del mundo. Mientras tanto, el mundo, desconcertado, observa a millones de personas viajando a su alrededor en busca de un para\u00edso personal del ocio, la experiencia y el placer.La chica de la agencia de viajes nos dijo que hab\u00eda piscina en el apartamento se sit\u00faa aparentemente en este contexto para construir una partitura en la que cuerpos, palabras y sonidos crean ambientes indefinidos que se debaten entre lo banal y lo extraordinario.\u00a0<br>La pieza propone dejar de lado una experiencia est\u00e9tica complaciente para dar paso a una forma m\u00e1s ambigua, y consolidar as\u00ed una relaci\u00f3n er\u00f3tica entre aquello que se ve y lo que se cree ver..<\/p>\n\n\n\n<p>Informaci\u00f3n tomada de <a href=\"https:\/\/www.elcondedetorrefiel.com\/lachicadelaagenciadeviajes2.html\">https:\/\/www.elcondedetorrefiel.com\/lachicadelaagenciadeviajes2.html<\/a><br><br><\/p>\n\n\n\n<figure class=\"wp-block-image size-full\"><img loading=\"lazy\" decoding=\"async\" width=\"600\" height=\"386\" src=\"https:\/\/blog.uclm.es\/archivoartea\/wp-content\/uploads\/sites\/323\/2026\/04\/Elcondedetorrefiel.2013.La-chica-de-la-agencia-2.jpeg\" alt=\"\" class=\"wp-image-14502\" srcset=\"https:\/\/blog.uclm.es\/archivoartea\/wp-content\/uploads\/sites\/323\/2026\/04\/Elcondedetorrefiel.2013.La-chica-de-la-agencia-2.jpeg 600w, https:\/\/blog.uclm.es\/archivoartea\/wp-content\/uploads\/sites\/323\/2026\/04\/Elcondedetorrefiel.2013.La-chica-de-la-agencia-2-300x193.jpeg 300w\" sizes=\"auto, (max-width: 600px) 100vw, 600px\" \/><\/figure>\n\n\n\n<figure class=\"wp-block-image size-full\"><img loading=\"lazy\" decoding=\"async\" width=\"700\" height=\"467\" src=\"https:\/\/blog.uclm.es\/archivoartea\/wp-content\/uploads\/sites\/323\/2026\/04\/Elcondedetorrefiel.2013.La-chica-de-la-agencia-3.jpeg\" alt=\"\" class=\"wp-image-14503\" srcset=\"https:\/\/blog.uclm.es\/archivoartea\/wp-content\/uploads\/sites\/323\/2026\/04\/Elcondedetorrefiel.2013.La-chica-de-la-agencia-3.jpeg 700w, https:\/\/blog.uclm.es\/archivoartea\/wp-content\/uploads\/sites\/323\/2026\/04\/Elcondedetorrefiel.2013.La-chica-de-la-agencia-3-300x200.jpeg 300w\" sizes=\"auto, (max-width: 700px) 100vw, 700px\" \/><\/figure>\n","protected":false},"excerpt":{"rendered":"<p>El Conde de Torrefiel. 2013. Obra esc\u00e9nica<\/p>\n","protected":false},"author":285,"featured_media":14501,"comment_status":"open","ping_status":"open","sticky":false,"template":"","format":"standard","meta":{"footnotes":""},"categories":[1],"tags":[],"class_list":["post-14500","post","type-post","status-publish","format-standard","has-post-thumbnail","hentry","category-sin-categoria"],"_links":{"self":[{"href":"https:\/\/blog.uclm.es\/archivoartea\/wp-json\/wp\/v2\/posts\/14500","targetHints":{"allow":["GET"]}}],"collection":[{"href":"https:\/\/blog.uclm.es\/archivoartea\/wp-json\/wp\/v2\/posts"}],"about":[{"href":"https:\/\/blog.uclm.es\/archivoartea\/wp-json\/wp\/v2\/types\/post"}],"author":[{"embeddable":true,"href":"https:\/\/blog.uclm.es\/archivoartea\/wp-json\/wp\/v2\/users\/285"}],"replies":[{"embeddable":true,"href":"https:\/\/blog.uclm.es\/archivoartea\/wp-json\/wp\/v2\/comments?post=14500"}],"version-history":[{"count":1,"href":"https:\/\/blog.uclm.es\/archivoartea\/wp-json\/wp\/v2\/posts\/14500\/revisions"}],"predecessor-version":[{"id":14504,"href":"https:\/\/blog.uclm.es\/archivoartea\/wp-json\/wp\/v2\/posts\/14500\/revisions\/14504"}],"wp:featuredmedia":[{"embeddable":true,"href":"https:\/\/blog.uclm.es\/archivoartea\/wp-json\/wp\/v2\/media\/14501"}],"wp:attachment":[{"href":"https:\/\/blog.uclm.es\/archivoartea\/wp-json\/wp\/v2\/media?parent=14500"}],"wp:term":[{"taxonomy":"category","embeddable":true,"href":"https:\/\/blog.uclm.es\/archivoartea\/wp-json\/wp\/v2\/categories?post=14500"},{"taxonomy":"post_tag","embeddable":true,"href":"https:\/\/blog.uclm.es\/archivoartea\/wp-json\/wp\/v2\/tags?post=14500"}],"curies":[{"name":"wp","href":"https:\/\/api.w.org\/{rel}","templated":true}]}}