{"id":14487,"date":"2022-05-18T10:17:00","date_gmt":"2022-05-18T08:17:00","guid":{"rendered":"https:\/\/blog.uclm.es\/archivoartea\/?p=14487"},"modified":"2026-04-28T10:30:03","modified_gmt":"2026-04-28T08:30:03","slug":"una-imagen-interior","status":"publish","type":"post","link":"https:\/\/blog.uclm.es\/archivoartea\/2022\/05\/18\/una-imagen-interior\/","title":{"rendered":"Una imagen interior"},"content":{"rendered":"\n<p><a href=\"https:\/\/blog.uclm.es\/archivoartea\/2014\/04\/28\/el-conde-de-torrefiel\/\" data-type=\"post\" data-id=\"14466\">El Conde de Torrefiel<\/a><\/p>\n\n\n\n<p>2022<\/p>\n\n\n\n<figure class=\"wp-block-image size-full\"><img loading=\"lazy\" decoding=\"async\" width=\"600\" height=\"825\" src=\"https:\/\/blog.uclm.es\/archivoartea\/wp-content\/uploads\/sites\/323\/2026\/04\/Elcondedetorrefiel.2022.Una-imagen-interior.jpeg\" alt=\"\" class=\"wp-image-14490\" srcset=\"https:\/\/blog.uclm.es\/archivoartea\/wp-content\/uploads\/sites\/323\/2026\/04\/Elcondedetorrefiel.2022.Una-imagen-interior.jpeg 600w, https:\/\/blog.uclm.es\/archivoartea\/wp-content\/uploads\/sites\/323\/2026\/04\/Elcondedetorrefiel.2022.Una-imagen-interior-218x300.jpeg 218w\" sizes=\"auto, (max-width: 600px) 100vw, 600px\" \/><\/figure>\n\n\n\n<ul class=\"wp-block-list\">\n<li>Idea y creaci\u00f3n: El Conde de Torrefiel en colaboraci\u00f3n con los int\u00e9rpretes<\/li>\n\n\n\n<li>Direcci\u00f3n y dramaturgiaTanya Beyeler y Pablo Gisbert<\/li>\n\n\n\n<li>Texto:  Pablo Gisbert y Tanya Beyeler<\/li>\n\n\n\n<li>Performers\u00a0: Gloria March Chulvi, Julian Hackenberg, Mauro Molina,\u00a0<br>David Mallols, Ana\u00efs Dom\u00e9nech, Carmen Collado<\/li>\n\n\n\n<li>Dise\u00f1o de luces: Manoly Rubio Garc\u00eda<\/li>\n\n\n\n<li>Escenograf\u00eda: Maria Alejandre y Estel Cristi\u00e0<\/li>\n\n\n\n<li>Vestuario: El Conde de Torrefiel\u00a0<\/li>\n\n\n\n<li>Direcci\u00f3n y coordinaci\u00f3n t\u00e9cnica: Isaac Torres\u00a0<\/li>\n\n\n\n<li>Piezas escult\u00f3ricas: Mireia Donat Mel\u00fas\u00a0<\/li>\n\n\n\n<li>Robots\u00a0: Jos\u00e9 Brotons Pl\u00e0\u00a0<\/li>\n\n\n\n<li>Dise\u00f1o de sonido: Rebecca Praga y Uriel Ireland\u00a0<\/li>\n\n\n\n<li>Maquinaria: Miguel Pellejero<\/li>\n\n\n\n<li>Construcci\u00f3n escenograf\u00eda: Diego S\u00e1nchez \/ Los Reyes del Mambo, Miguel Pellejero, Isaac Torres<\/li>\n\n\n\n<li>T\u00e9cnico de sonido y v\u00eddeo: Uriel Ireland<\/li>\n\n\n\n<li>T\u00e9cnico de luces en gira: Roberto Baldinelli<\/li>\n\n\n\n<li>Producci\u00f3n y adminsitraci\u00f3n: Haizea Arrizabalaga<\/li>\n\n\n\n<li>Producci\u00f3n ejecutiva: Cielo Drive SL\u00a0<\/li>\n\n\n\n<li>Distribuci\u00f3n: Caravan Production, Brussels\u00a0<\/li>\n\n\n\n<li>Con la ayuda a la producci\u00f3n de ICEC &#8211; Generalitat de Catalunya<\/li>\n\n\n\n<li>Co-producci\u00f3n: Wiener Festwochen (Viena), Festival d&#8217;Avignon, Kunstenfestivaldesarts (Brussels), Centro Cultural Conde Duque (Madrid)\u00a0Festival GREC (Barcelona), Festival delle colline torinesi (Torino), Gr\u00fctli &#8211; centre de diffusion et production des arts vivants (G\u00e9n\u00e8ve), Points communs &#8211; Nouvelle sc\u00e8ne national de Cergy-Pointoise-Val d&#8217;Oise, Festival d&#8217;Automne (Paris) &#8211; La Villette (Paris)<\/li>\n\n\n\n<li>Agradeciminetos: TEM Teatro el Musica, Valencia, Centro P\u00e1rraga, Murcia, Fernando Gandasegui, Marta Echaves, El Consulado (Val\u00e8ncia), La Internacional teatral (Val\u00e8ncia), Salva Gisbert y Amalia Donat<\/li>\n\n\n\n<li>Estreno: 18\/05\/2022. Wiener Festwoche. Viena.<\/li>\n<\/ul>\n\n\n\n<blockquote class=\"wp-block-quote is-layout-flow wp-block-quote-is-layout-flow\">\n<p>La palabra realidad, un termino con cierto prestigio aparece en el lenguaje humano de manera relativamente reciente, poco m\u00e1s de 1000 a\u00f1os. Los griegos no ten\u00edan un t\u00e9rmino&nbsp; para esta condici\u00f3n, y la existencia individual y colectiva se reg\u00eda por la fant\u00e1stica l\u00f3gica de los mitos y cuya imagen extraordinaria produc\u00eda un efecto concreto sobre las conciencias para orientarse en la vida material.&nbsp;<br>El origen de la palabra Realidad se encuentra en el antiguo imperio romano, para definir las m\u00e1s variadas formas de cosas y actos que existen de verdad. Es dentro de una l\u00f3gica de un pueblo con vocaci\u00f3n de imperio que nace la necesidad de una imposici\u00f3n del ser.&nbsp;<br>El concepto de Realidad es problem\u00e1tico en esencia, en cuanto ses una construcci\u00f3n d\u00factil y en constante movimiento en la humana tarea de la emancipaci\u00f3n de la naturaleza. La existencia compartida, las condiciones ambientales, la evoluci\u00f3n del lenguaje permiten construir cada d\u00eda un mundo presuntamente controlado donde poder vivir de la mejor manera, acorde a nuestros deseos y necesidades: El mundo soy yo en cuanto soy una parte del mundo.&nbsp;Pero ni las im\u00e1genes ni las palabras han conseguido plasmar la impresi\u00f3n de realidad que acompa\u00f1a la vida.&nbsp;<br>Ante la evidencia de este paisaje del fracaso, este trabajo es un ejercicio po\u00e9tico que sonda los principios fundacionales del concepto de ficci\u00f3n en disputa constante con la incuestionable ley gravitacional a la que est\u00e1n sujetos los cuerpos.&nbsp;&nbsp;Se propone observar el erotismo de la imaginaci\u00f3n como alternativa radical a las ficciones impuestas y las im\u00e1genes que nos gobiernan.&nbsp;<br>En esta obra, los cuerpos en escena, la materia y la palabra construyen frente a los ojos del espectador paisajes posibles, a medio camino entre lo fant\u00e1stico y lo concreto para exponer de manera po\u00e9tica los efectos som\u00e1ticos del tiempo, el espacio y las ficciones que contienen la existencia: la tiran\u00eda del deseo, del lenguaje y de la historia.<\/p>\n\n\n\n<p>Informaci\u00f3n tomada de: <a href=\"https:\/\/www.elcondedetorrefiel.com\/UII.html\">https:\/\/www.elcondedetorrefiel.com\/UII.html<\/a><\/p>\n<\/blockquote>\n\n\n\n<figure class=\"wp-block-image size-full\"><img loading=\"lazy\" decoding=\"async\" width=\"1840\" height=\"1227\" src=\"https:\/\/blog.uclm.es\/archivoartea\/wp-content\/uploads\/sites\/323\/2026\/04\/Elcondedetorrefiel.2022.Una-imagen-interior-3.jpeg\" alt=\"\" class=\"wp-image-14489\" srcset=\"https:\/\/blog.uclm.es\/archivoartea\/wp-content\/uploads\/sites\/323\/2026\/04\/Elcondedetorrefiel.2022.Una-imagen-interior-3.jpeg 1840w, https:\/\/blog.uclm.es\/archivoartea\/wp-content\/uploads\/sites\/323\/2026\/04\/Elcondedetorrefiel.2022.Una-imagen-interior-3-300x200.jpeg 300w, https:\/\/blog.uclm.es\/archivoartea\/wp-content\/uploads\/sites\/323\/2026\/04\/Elcondedetorrefiel.2022.Una-imagen-interior-3-768x512.jpeg 768w, https:\/\/blog.uclm.es\/archivoartea\/wp-content\/uploads\/sites\/323\/2026\/04\/Elcondedetorrefiel.2022.Una-imagen-interior-3-1536x1024.jpeg 1536w\" sizes=\"auto, (max-width: 1840px) 100vw, 1840px\" \/><\/figure>\n\n\n\n<figure class=\"wp-block-image size-full\"><img loading=\"lazy\" decoding=\"async\" width=\"1100\" height=\"856\" src=\"https:\/\/blog.uclm.es\/archivoartea\/wp-content\/uploads\/sites\/323\/2014\/04\/Elcondedetorrefiel.-una-imagen-interior-3.jpeg\" alt=\"\" class=\"wp-image-14482\" srcset=\"https:\/\/blog.uclm.es\/archivoartea\/wp-content\/uploads\/sites\/323\/2014\/04\/Elcondedetorrefiel.-una-imagen-interior-3.jpeg 1100w, https:\/\/blog.uclm.es\/archivoartea\/wp-content\/uploads\/sites\/323\/2014\/04\/Elcondedetorrefiel.-una-imagen-interior-3-300x233.jpeg 300w, https:\/\/blog.uclm.es\/archivoartea\/wp-content\/uploads\/sites\/323\/2014\/04\/Elcondedetorrefiel.-una-imagen-interior-3-768x598.jpeg 768w\" sizes=\"auto, (max-width: 1100px) 100vw, 1100px\" \/><\/figure>\n\n\n\n<figure class=\"wp-block-image size-full\"><img loading=\"lazy\" decoding=\"async\" width=\"1600\" height=\"900\" src=\"https:\/\/blog.uclm.es\/archivoartea\/wp-content\/uploads\/sites\/323\/2022\/05\/Elcondedetorrefiel.2022.Una-imagen-interior-1.jpeg\" alt=\"\" class=\"wp-image-14493\" srcset=\"https:\/\/blog.uclm.es\/archivoartea\/wp-content\/uploads\/sites\/323\/2022\/05\/Elcondedetorrefiel.2022.Una-imagen-interior-1.jpeg 1600w, https:\/\/blog.uclm.es\/archivoartea\/wp-content\/uploads\/sites\/323\/2022\/05\/Elcondedetorrefiel.2022.Una-imagen-interior-1-300x169.jpeg 300w, https:\/\/blog.uclm.es\/archivoartea\/wp-content\/uploads\/sites\/323\/2022\/05\/Elcondedetorrefiel.2022.Una-imagen-interior-1-768x432.jpeg 768w, https:\/\/blog.uclm.es\/archivoartea\/wp-content\/uploads\/sites\/323\/2022\/05\/Elcondedetorrefiel.2022.Una-imagen-interior-1-1536x864.jpeg 1536w\" sizes=\"auto, (max-width: 1600px) 100vw, 1600px\" \/><\/figure>\n\n\n\n<div class=\"wp-block-buttons is-content-justification-center is-layout-flex wp-container-core-buttons-is-layout-a89b3969 wp-block-buttons-is-layout-flex\">\n<div class=\"wp-block-button\"><a class=\"wp-block-button__link wp-element-button\" href=\"https:\/\/www.youtube.com\/watch?v=30sQjvhRiTE\" target=\"_blank\" rel=\"noreferrer noopener\">Ver videoclip<\/a><\/div>\n<\/div>\n","protected":false},"excerpt":{"rendered":"<p>El Conde de Torrefiel. 2022. Obra esc\u00e9nica<\/p>\n","protected":false},"author":285,"featured_media":14490,"comment_status":"open","ping_status":"open","sticky":false,"template":"","format":"standard","meta":{"footnotes":""},"categories":[28],"tags":[184,92,60,145],"class_list":["post-14487","post","type-post","status-publish","format-standard","has-post-thumbnail","hentry","category-obra","tag-deseo","tag-historia","tag-realidad","tag-tiempo"],"_links":{"self":[{"href":"https:\/\/blog.uclm.es\/archivoartea\/wp-json\/wp\/v2\/posts\/14487","targetHints":{"allow":["GET"]}}],"collection":[{"href":"https:\/\/blog.uclm.es\/archivoartea\/wp-json\/wp\/v2\/posts"}],"about":[{"href":"https:\/\/blog.uclm.es\/archivoartea\/wp-json\/wp\/v2\/types\/post"}],"author":[{"embeddable":true,"href":"https:\/\/blog.uclm.es\/archivoartea\/wp-json\/wp\/v2\/users\/285"}],"replies":[{"embeddable":true,"href":"https:\/\/blog.uclm.es\/archivoartea\/wp-json\/wp\/v2\/comments?post=14487"}],"version-history":[{"count":3,"href":"https:\/\/blog.uclm.es\/archivoartea\/wp-json\/wp\/v2\/posts\/14487\/revisions"}],"predecessor-version":[{"id":14494,"href":"https:\/\/blog.uclm.es\/archivoartea\/wp-json\/wp\/v2\/posts\/14487\/revisions\/14494"}],"wp:featuredmedia":[{"embeddable":true,"href":"https:\/\/blog.uclm.es\/archivoartea\/wp-json\/wp\/v2\/media\/14490"}],"wp:attachment":[{"href":"https:\/\/blog.uclm.es\/archivoartea\/wp-json\/wp\/v2\/media?parent=14487"}],"wp:term":[{"taxonomy":"category","embeddable":true,"href":"https:\/\/blog.uclm.es\/archivoartea\/wp-json\/wp\/v2\/categories?post=14487"},{"taxonomy":"post_tag","embeddable":true,"href":"https:\/\/blog.uclm.es\/archivoartea\/wp-json\/wp\/v2\/tags?post=14487"}],"curies":[{"name":"wp","href":"https:\/\/api.w.org\/{rel}","templated":true}]}}