{"id":14480,"date":"2014-04-28T10:09:00","date_gmt":"2014-04-28T08:09:00","guid":{"rendered":"https:\/\/blog.uclm.es\/archivoartea\/?p=14480"},"modified":"2026-04-28T10:16:39","modified_gmt":"2026-04-28T08:16:39","slug":"tanya-beyeler","status":"publish","type":"post","link":"https:\/\/blog.uclm.es\/archivoartea\/2014\/04\/28\/tanya-beyeler\/","title":{"rendered":"Tanya Beyeler"},"content":{"rendered":"\n<p>Lugano, Suiza, 1980<\/p>\n\n\n\n<figure class=\"wp-block-image size-full\"><img loading=\"lazy\" decoding=\"async\" width=\"1100\" height=\"856\" src=\"https:\/\/blog.uclm.es\/archivoartea\/wp-content\/uploads\/sites\/323\/2026\/04\/tanya-beyeler.-Foto-Charlotte-Krieger.jpeg\" alt=\"\" class=\"wp-image-14481\" srcset=\"https:\/\/blog.uclm.es\/archivoartea\/wp-content\/uploads\/sites\/323\/2026\/04\/tanya-beyeler.-Foto-Charlotte-Krieger.jpeg 1100w, https:\/\/blog.uclm.es\/archivoartea\/wp-content\/uploads\/sites\/323\/2026\/04\/tanya-beyeler.-Foto-Charlotte-Krieger-300x233.jpeg 300w, https:\/\/blog.uclm.es\/archivoartea\/wp-content\/uploads\/sites\/323\/2026\/04\/tanya-beyeler.-Foto-Charlotte-Krieger-768x598.jpeg 768w\" sizes=\"auto, (max-width: 1100px) 100vw, 1100px\" \/><figcaption class=\"wp-element-caption\"><sup>Foto: Charlotte Krieger<\/sup><\/figcaption><\/figure>\n\n\n\n<blockquote class=\"wp-block-quote is-layout-flow wp-block-quote-is-layout-flow\">\n<p>En 2001 empieza sus estudios teatrales en Valencia donde se diploma en Arte dram\u00e1tico. Enseguida empieza a trabajar como actriz en Valencia en piezas teatrales pero con el tiempo y la experiencia se aproxima a la danza y la performance. En 2008 se muda a Barcelona para estudiar dramaturgia y Humanidades y empieza a trabajar con la compa\u00f1\u00eda de danza La Veronal donde conoce a Pablo Gisbert con quien co-dirige dese el 2010\u00a0<strong>El Conde de Torrefie<\/strong>l; un proyecto esc\u00e9nico que se caracterizan por puestas en escena donde coreograf\u00eda, texto y sonido convergen para crear narraciones visuales y sensoriales que piensan las tensiones entre lo individual y lo colectivo en la sociedad occidental contempor\u00e1nea. Como dramaturga ha colaborado con compa\u00f1\u00eda de danza de Espa\u00f1a y Suiza y puntualmente imparte talleres de puesta en escena y dramaturgia para la danza. En 2021 recibe en Suiza el premio nacional de artes esc\u00e9nicas.\u2028<\/p>\n\n\n\n<p>Informaci\u00f3n tomada de <a href=\"https:\/\/www.lacaldera.info\/es\/personas\/tanya-beyeler\">La Caldera 2023<\/a><\/p>\n<\/blockquote>\n\n\n\n<h4 class=\"wp-block-heading\">Obras<\/h4>\n\n\n\n<p>Ver <a href=\"https:\/\/blog.uclm.es\/archivoartea\/2014\/04\/28\/el-conde-de-torrefiel\/\" data-type=\"post\" data-id=\"14466\">El Conde de Torrefiel<\/a><\/p>\n","protected":false},"excerpt":{"rendered":"<p>Creadora esc\u00e9nica. Cofundadora con Pablo Gisbert de El Conde de Torrefiel. Lugano, Suiza, 1980.<\/p>\n","protected":false},"author":285,"featured_media":14481,"comment_status":"open","ping_status":"open","sticky":false,"template":"","format":"standard","meta":{"footnotes":""},"categories":[70],"tags":[],"class_list":["post-14480","post","type-post","status-publish","format-standard","has-post-thumbnail","hentry","category-artista-escenicas"],"_links":{"self":[{"href":"https:\/\/blog.uclm.es\/archivoartea\/wp-json\/wp\/v2\/posts\/14480","targetHints":{"allow":["GET"]}}],"collection":[{"href":"https:\/\/blog.uclm.es\/archivoartea\/wp-json\/wp\/v2\/posts"}],"about":[{"href":"https:\/\/blog.uclm.es\/archivoartea\/wp-json\/wp\/v2\/types\/post"}],"author":[{"embeddable":true,"href":"https:\/\/blog.uclm.es\/archivoartea\/wp-json\/wp\/v2\/users\/285"}],"replies":[{"embeddable":true,"href":"https:\/\/blog.uclm.es\/archivoartea\/wp-json\/wp\/v2\/comments?post=14480"}],"version-history":[{"count":3,"href":"https:\/\/blog.uclm.es\/archivoartea\/wp-json\/wp\/v2\/posts\/14480\/revisions"}],"predecessor-version":[{"id":14485,"href":"https:\/\/blog.uclm.es\/archivoartea\/wp-json\/wp\/v2\/posts\/14480\/revisions\/14485"}],"wp:featuredmedia":[{"embeddable":true,"href":"https:\/\/blog.uclm.es\/archivoartea\/wp-json\/wp\/v2\/media\/14481"}],"wp:attachment":[{"href":"https:\/\/blog.uclm.es\/archivoartea\/wp-json\/wp\/v2\/media?parent=14480"}],"wp:term":[{"taxonomy":"category","embeddable":true,"href":"https:\/\/blog.uclm.es\/archivoartea\/wp-json\/wp\/v2\/categories?post=14480"},{"taxonomy":"post_tag","embeddable":true,"href":"https:\/\/blog.uclm.es\/archivoartea\/wp-json\/wp\/v2\/tags?post=14480"}],"curies":[{"name":"wp","href":"https:\/\/api.w.org\/{rel}","templated":true}]}}