{"id":14457,"date":"2025-12-29T22:59:00","date_gmt":"2025-12-29T21:59:00","guid":{"rendered":"https:\/\/blog.uclm.es\/archivoartea\/?p=14457"},"modified":"2026-04-27T23:08:23","modified_gmt":"2026-04-27T21:08:23","slug":"donde-el-nacer-es-morir-y-morir-es-nacer","status":"publish","type":"post","link":"https:\/\/blog.uclm.es\/archivoartea\/2025\/12\/29\/donde-el-nacer-es-morir-y-morir-es-nacer\/","title":{"rendered":"Donde el nacer es morir y morir es nacer"},"content":{"rendered":"\n<h4 class=\"wp-block-heading\"><a href=\"https:\/\/blog.uclm.es\/archivoartea\/2020\/02\/03\/tzu-han-hung\/\" data-type=\"post\" data-id=\"7284\">Tzu Han Hung<\/a><\/h4>\n\n\n\n<p>2025<\/p>\n\n\n\n<p>Han-Hung, T. (2025). Donde el nacer es morir y morir es nacer. En Investigaci\u00f3n en pr\u00e1cticas ef\u00edmeras y contextos desde lo rural (pp. 143-148). Ediciones de la Universidad de Castilla-La Mancha. https:\/\/doi.org\/10.18239\/caleidoscopio_2025.26.12<\/p>\n\n\n\n<p>\u00daltimamente, he estado adentr\u00e1ndome a creaciones art\u00edsticas junto<br>con sus respiraciones, recorriendo sus tendones y venas, enso\u00f1ando<br>con Itziar Okariz, \u00d3scar Bueno, Su-Mei Tse, Zhuang Zi, Wang Jing<br>y Gast\u00f3n Bachelard y los vientos apacibles de verano en Castilla-La<br>Mancha. En esa confluencia pol\u00edfona, me he propuesto un ejercicio de<br>escritura que ha dejado el siguiente registro.<br>Mientras el aire entra al cuerpo con cada aspiraci\u00f3n y expiraci\u00f3n,<br>siente que va masajeando cada m\u00fasculo, siente que cada m\u00fasculo va<br>estirando.<br>Mi columna se convierte tentaculada, mi piel translucida y empieza a<br>echar chispa el\u00e9ctrica furiosa, como el rel\u00e1mpago que llega antes del<br>trueno que desliza fugitivamente desde el interior de m\u00ed, que no est\u00e1<br>adherido a nada. Un estallido, estremecen trazos que ramificaban<br>de miles formas. Se me llevan las brisas marineras y tormentas en<br>un soplo. Todo es movimiento y movimiento es todo, no se para el<br>viento, traviesa mi cuerpo y mi cuerpo est\u00e1 en todos lados. Da vueltas<br>y vueltas, levanta y baja, entra y se va, traspasa y se vac\u00eda. Se vac\u00eda con<br>suspiros.<\/p>\n\n\n\n<div class=\"wp-block-buttons is-layout-flex wp-block-buttons-is-layout-flex\">\n<div class=\"wp-block-button\"><a class=\"wp-block-button__link wp-element-button\" href=\"https:\/\/ruidera.uclm.es\/bitstreams\/728398d1-a73c-4f31-a012-2cb67c14b6d9\/download\" target=\"_blank\" rel=\"noreferrer noopener\">Leer texto completo<\/a><\/div>\n<\/div>\n","protected":false},"excerpt":{"rendered":"<p>Tzu-han Hung. 2025. Ponencia-cap\u00edtulo de libro<\/p>\n","protected":false},"author":285,"featured_media":14458,"comment_status":"open","ping_status":"open","sticky":false,"template":"","format":"standard","meta":{"footnotes":""},"categories":[481,21],"tags":[],"class_list":["post-14457","post","type-post","status-publish","format-standard","has-post-thumbnail","hentry","category-2022-artes-efimeras-en-castilla-la-mancha","category-textos-es"],"_links":{"self":[{"href":"https:\/\/blog.uclm.es\/archivoartea\/wp-json\/wp\/v2\/posts\/14457","targetHints":{"allow":["GET"]}}],"collection":[{"href":"https:\/\/blog.uclm.es\/archivoartea\/wp-json\/wp\/v2\/posts"}],"about":[{"href":"https:\/\/blog.uclm.es\/archivoartea\/wp-json\/wp\/v2\/types\/post"}],"author":[{"embeddable":true,"href":"https:\/\/blog.uclm.es\/archivoartea\/wp-json\/wp\/v2\/users\/285"}],"replies":[{"embeddable":true,"href":"https:\/\/blog.uclm.es\/archivoartea\/wp-json\/wp\/v2\/comments?post=14457"}],"version-history":[{"count":3,"href":"https:\/\/blog.uclm.es\/archivoartea\/wp-json\/wp\/v2\/posts\/14457\/revisions"}],"predecessor-version":[{"id":14464,"href":"https:\/\/blog.uclm.es\/archivoartea\/wp-json\/wp\/v2\/posts\/14457\/revisions\/14464"}],"wp:featuredmedia":[{"embeddable":true,"href":"https:\/\/blog.uclm.es\/archivoartea\/wp-json\/wp\/v2\/media\/14458"}],"wp:attachment":[{"href":"https:\/\/blog.uclm.es\/archivoartea\/wp-json\/wp\/v2\/media?parent=14457"}],"wp:term":[{"taxonomy":"category","embeddable":true,"href":"https:\/\/blog.uclm.es\/archivoartea\/wp-json\/wp\/v2\/categories?post=14457"},{"taxonomy":"post_tag","embeddable":true,"href":"https:\/\/blog.uclm.es\/archivoartea\/wp-json\/wp\/v2\/tags?post=14457"}],"curies":[{"name":"wp","href":"https:\/\/api.w.org\/{rel}","templated":true}]}}