{"id":14229,"date":"2019-11-19T16:42:00","date_gmt":"2019-11-19T15:42:00","guid":{"rendered":"https:\/\/blog.uclm.es\/archivoartea\/?p=14229"},"modified":"2026-04-27T16:55:27","modified_gmt":"2026-04-27T14:55:27","slug":"la-melancolia-del-turista","status":"publish","type":"post","link":"https:\/\/blog.uclm.es\/archivoartea\/2019\/11\/19\/la-melancolia-del-turista\/","title":{"rendered":"La melancol\u00eda del turista"},"content":{"rendered":"\n<h4 class=\"wp-block-heading\"><a href=\"https:\/\/blog.uclm.es\/archivoartea\/2018\/04\/27\/oligor-y-microscopia\/\" data-type=\"post\" data-id=\"14203\">Oligor y Microscop\u00eda<\/a><\/h4>\n\n\n\n<p>2019<\/p>\n\n\n\n<figure class=\"wp-block-image size-full\"><img loading=\"lazy\" decoding=\"async\" width=\"1008\" height=\"1022\" src=\"https:\/\/blog.uclm.es\/archivoartea\/wp-content\/uploads\/sites\/323\/2026\/04\/Oligor-Microscopia.2020.-Melancolia-1.png\" alt=\"\" class=\"wp-image-14230\" srcset=\"https:\/\/blog.uclm.es\/archivoartea\/wp-content\/uploads\/sites\/323\/2026\/04\/Oligor-Microscopia.2020.-Melancolia-1.png 1008w, https:\/\/blog.uclm.es\/archivoartea\/wp-content\/uploads\/sites\/323\/2026\/04\/Oligor-Microscopia.2020.-Melancolia-1-296x300.png 296w, https:\/\/blog.uclm.es\/archivoartea\/wp-content\/uploads\/sites\/323\/2026\/04\/Oligor-Microscopia.2020.-Melancolia-1-768x779.png 768w\" sizes=\"auto, (max-width: 1008px) 100vw, 1008px\" \/><\/figure>\n\n\n\n<p>Galer\u00eda de espejismos por los que se fija en la imaginaci\u00f3n la idea de un para\u00edso<\/p>\n\n\n\n<ul class=\"wp-block-list\">\n<li>Creaci\u00f3n, e interpretaci\u00f3n: Shaday Larios y Jomi Oligor<\/li>\n\n\n\n<li>Colaboraci\u00f3n po\u00e9tica: \u00c1ngel Hern\u00e1ndez<\/li>\n\n\n\n<li>Colaboraci\u00f3n inventiva: Ivan Puig y Jordi Fondevila<\/li>\n\n\n\n<li>Colaboraci\u00f3n musical y sonora: Suetszu &amp; Jayrope<\/li>\n\n\n\n<li>Dibujos: Pepperino Oligor<\/li>\n<\/ul>\n\n\n\n<p>Un peque\u00f1o escenario a escala de las cosas que aparecen y desaparecen por medio de parpadeos: luces y sombras, im\u00e1genes anal\u00f3gicas, mecanismos fr\u00e1giles, miniaturas de papel y lata. Un teatrito-cine delicado, juego de enso\u00f1aciones cuya inventiva po\u00e9tica te traslada al instante en el que todos nuestros juguetes estaban vivos\u2026<\/p>\n\n\n\n<p>La melancol\u00eda del turista es una descomposici\u00f3n de instantes y de objetos por los que se fija en la imaginaci\u00f3n la idea de un para\u00edso. Surge de un trabajo de campo por algunos lugares vacacionales de los que se recuperaron vestigios que hablan del ascenso y ca\u00edda de esa fantas\u00eda mental. \u00bfCu\u00e1ntos segundos tarda la confecci\u00f3n y la p\u00e9rdida de un para\u00edso? La melancol\u00eda del turista es una galer\u00eda de espejismos de lo que queda detr\u00e1s de la intensidad de un paisaje sublimado que ya no existe o que nunca existi\u00f3, de un cuerpo que se difumina en el tiempo y que revive s\u00f3lo a trav\u00e9s de residuos de la memoria. Es por eso un cuestionamiento hacia la vida de las im\u00e1genes que se producen en nuestra idea de descanso. Pero la melancol\u00eda es tambi\u00e9n, un estado an\u00edmico suspensivo que acompa\u00f1a la excepci\u00f3n, una fuerza activa que nos lleva hacia el deseo de re-inventar y re-inventarnos en esos lapsos en los que se fractura una inercia de las cosas.<\/p>\n\n\n\n<p>Un viaje \u00edntimo para 42 espectadores<\/p>\n\n\n\n<figure class=\"wp-block-gallery has-nested-images columns-default is-cropped wp-block-gallery-1 is-layout-flex wp-block-gallery-is-layout-flex\">\n<figure class=\"wp-block-image size-large\"><img loading=\"lazy\" decoding=\"async\" width=\"300\" height=\"300\" data-id=\"14235\" src=\"https:\/\/blog.uclm.es\/archivoartea\/wp-content\/uploads\/sites\/323\/2026\/04\/Oligor-Microscopia.2020.-Melancolia-6.jpeg\" alt=\"\" class=\"wp-image-14235\" srcset=\"https:\/\/blog.uclm.es\/archivoartea\/wp-content\/uploads\/sites\/323\/2026\/04\/Oligor-Microscopia.2020.-Melancolia-6.jpeg 300w, https:\/\/blog.uclm.es\/archivoartea\/wp-content\/uploads\/sites\/323\/2026\/04\/Oligor-Microscopia.2020.-Melancolia-6-150x150.jpeg 150w\" sizes=\"auto, (max-width: 300px) 100vw, 300px\" \/><\/figure>\n\n\n\n<figure class=\"wp-block-image size-large\"><img loading=\"lazy\" decoding=\"async\" width=\"300\" height=\"300\" data-id=\"14233\" src=\"https:\/\/blog.uclm.es\/archivoartea\/wp-content\/uploads\/sites\/323\/2026\/04\/Oligor-Microscopia.2020.-Melancolia-4.jpeg\" alt=\"\" class=\"wp-image-14233\" srcset=\"https:\/\/blog.uclm.es\/archivoartea\/wp-content\/uploads\/sites\/323\/2026\/04\/Oligor-Microscopia.2020.-Melancolia-4.jpeg 300w, https:\/\/blog.uclm.es\/archivoartea\/wp-content\/uploads\/sites\/323\/2026\/04\/Oligor-Microscopia.2020.-Melancolia-4-150x150.jpeg 150w\" sizes=\"auto, (max-width: 300px) 100vw, 300px\" \/><\/figure>\n\n\n\n<figure class=\"wp-block-image size-large\"><img loading=\"lazy\" decoding=\"async\" width=\"300\" height=\"225\" data-id=\"14232\" src=\"https:\/\/blog.uclm.es\/archivoartea\/wp-content\/uploads\/sites\/323\/2026\/04\/Oligor-Microscopia.2020.-Melancolia-3.jpeg\" alt=\"\" class=\"wp-image-14232\" \/><\/figure>\n<\/figure>\n\n\n\n<figure class=\"wp-block-image size-full is-resized\"><img loading=\"lazy\" decoding=\"async\" width=\"298\" height=\"221\" src=\"https:\/\/blog.uclm.es\/archivoartea\/wp-content\/uploads\/sites\/323\/2026\/04\/Oligor-Microscopia.2020.-Melancolia-2.jpeg\" alt=\"\" class=\"wp-image-14231\" style=\"aspect-ratio:1.3484409248391431;width:646px;height:auto\" \/><\/figure>\n\n\n\n<p><sup>Foto: David Continente<\/sup><\/p>\n\n\n\n<p><\/p>\n","protected":false},"excerpt":{"rendered":"<p>Oligor y Microscop\u00eda. 2019. Pieza de teatro de objetos documentales.<\/p>\n","protected":false},"author":285,"featured_media":14236,"comment_status":"open","ping_status":"open","sticky":false,"template":"","format":"standard","meta":{"footnotes":""},"categories":[28],"tags":[182],"class_list":["post-14229","post","type-post","status-publish","format-standard","has-post-thumbnail","hentry","category-obra","tag-teatro-de-objetos"],"_links":{"self":[{"href":"https:\/\/blog.uclm.es\/archivoartea\/wp-json\/wp\/v2\/posts\/14229","targetHints":{"allow":["GET"]}}],"collection":[{"href":"https:\/\/blog.uclm.es\/archivoartea\/wp-json\/wp\/v2\/posts"}],"about":[{"href":"https:\/\/blog.uclm.es\/archivoartea\/wp-json\/wp\/v2\/types\/post"}],"author":[{"embeddable":true,"href":"https:\/\/blog.uclm.es\/archivoartea\/wp-json\/wp\/v2\/users\/285"}],"replies":[{"embeddable":true,"href":"https:\/\/blog.uclm.es\/archivoartea\/wp-json\/wp\/v2\/comments?post=14229"}],"version-history":[{"count":1,"href":"https:\/\/blog.uclm.es\/archivoartea\/wp-json\/wp\/v2\/posts\/14229\/revisions"}],"predecessor-version":[{"id":14237,"href":"https:\/\/blog.uclm.es\/archivoartea\/wp-json\/wp\/v2\/posts\/14229\/revisions\/14237"}],"wp:featuredmedia":[{"embeddable":true,"href":"https:\/\/blog.uclm.es\/archivoartea\/wp-json\/wp\/v2\/media\/14236"}],"wp:attachment":[{"href":"https:\/\/blog.uclm.es\/archivoartea\/wp-json\/wp\/v2\/media?parent=14229"}],"wp:term":[{"taxonomy":"category","embeddable":true,"href":"https:\/\/blog.uclm.es\/archivoartea\/wp-json\/wp\/v2\/categories?post=14229"},{"taxonomy":"post_tag","embeddable":true,"href":"https:\/\/blog.uclm.es\/archivoartea\/wp-json\/wp\/v2\/tags?post=14229"}],"curies":[{"name":"wp","href":"https:\/\/api.w.org\/{rel}","templated":true}]}}