{"id":14205,"date":"2002-06-30T16:12:00","date_gmt":"2002-06-30T14:12:00","guid":{"rendered":"https:\/\/blog.uclm.es\/archivoartea\/?p=14205"},"modified":"2026-04-27T16:25:36","modified_gmt":"2026-04-27T14:25:36","slug":"las-tribulaciones-de-virginia","status":"publish","type":"post","link":"https:\/\/blog.uclm.es\/archivoartea\/2002\/06\/30\/las-tribulaciones-de-virginia\/","title":{"rendered":"Las tribulaciones de Virginia"},"content":{"rendered":"\n<h4 class=\"wp-block-heading\"><a href=\"https:\/\/blog.uclm.es\/archivoartea\/2018\/04\/27\/oligor-y-microscopia\/\" data-type=\"post\" data-id=\"14203\">Hermanos Oligor<\/a><\/h4>\n\n\n\n<p>2002<\/p>\n\n\n\n<figure class=\"wp-block-image size-full\"><img loading=\"lazy\" decoding=\"async\" width=\"890\" height=\"1184\" src=\"https:\/\/blog.uclm.es\/archivoartea\/wp-content\/uploads\/sites\/323\/2026\/04\/Tribulaciones-de-Virginia-1.png\" alt=\"\" class=\"wp-image-14216\" srcset=\"https:\/\/blog.uclm.es\/archivoartea\/wp-content\/uploads\/sites\/323\/2026\/04\/Tribulaciones-de-Virginia-1.png 890w, https:\/\/blog.uclm.es\/archivoartea\/wp-content\/uploads\/sites\/323\/2026\/04\/Tribulaciones-de-Virginia-1-226x300.png 226w, https:\/\/blog.uclm.es\/archivoartea\/wp-content\/uploads\/sites\/323\/2026\/04\/Tribulaciones-de-Virginia-1-768x1022.png 768w\" sizes=\"auto, (max-width: 890px) 100vw, 890px\" \/><figcaption class=\"wp-element-caption\"><sup>Dibujo: Senen Oligor<\/sup><\/figcaption><\/figure>\n\n\n\n<ul class=\"wp-block-list\">\n<li>Creaci\u00f3n: Senen y Jomi Oligor<\/li>\n\n\n\n<li>Interpretaci\u00f3n: Jomi Oligor<\/li>\n\n\n\n<li>Coproducci\u00f3n de: Hnos. Oligor y el Festival Internacional de Teatre Visual i de Titelles de Barcelona<\/li>\n<\/ul>\n\n\n\n<p>Es de noche, entras en una barraca en penumbra, solamente caben 50 personas bien apretadas\u2026 maquinitas, lunas, aut\u00f3matas, trenes, elefantes, mu\u00f1ecos, tormentas, casitas, discotecas, estrellas fugaces, \u00e1ngeles, mares, caja de m\u00fasica, sirenas\u2026todo hecho de papel, alambre, deshechos y retales. El teatrito fr\u00e1gil de los Oligor se deshoja a la luz de una vela de cumplea\u00f1os, de una linterna con la que Valent\u00edn, en voz baja, te lleva al caj\u00f3n donde guardaste tu primer beso\u2026 te acuerdas?<\/p>\n\n\n\n<h4 class=\"wp-block-heading\">Hnos. Oligor<\/h4>\n\n\n\n<p>Senen y Jomi un d\u00eda deciden encerrarse en un s\u00f3tano a construir mecanismos, juguetes, inventos, maquinitas, miniaturas y aut\u00f3matas. Esto les sirve de refugio a una \u00e9poca dif\u00edcil. Deciden seguir jugando y al tiempo enfrentarse a la p\u00e9rdida de la infancia, la ilusi\u00f3n, los sue\u00f1os y el amor. Su universo decadente y entra\u00f1able comienza a llamar la atenci\u00f3n de los familiares, vecinos y amigos que se adentran en el s\u00f3tano. Se valen de cart\u00f3n, alambre, objetos desechados y restos para de manera intuitiva hacer crecer esta instalaci\u00f3n mec\u00e1nica. A ella se van adhiriendo sus propias experiencias de vida. El proceso dura casi cuatro a\u00f1os y genera este teatrito mec\u00e1nico-rom\u00e1ntico. Al final se organizaban funciones para una docena de espectadores en el propio s\u00f3tano y la voz acab\u00f3 llegando hasta profesionales del teatro. \u00c9stos llevados por la magia del trabajo los ayudan a convertir todo aquello en algo desmontable y transportable para poder mostrarlo en teatros y festivales. Las tribulaciones de Virginia, puro terrorismo sentimental.<\/p>\n\n\n\n<figure class=\"wp-block-gallery has-nested-images columns-default is-cropped wp-block-gallery-1 is-layout-flex wp-block-gallery-is-layout-flex\">\n<figure class=\"wp-block-image size-large\"><img loading=\"lazy\" decoding=\"async\" width=\"300\" height=\"293\" data-id=\"14214\" src=\"https:\/\/blog.uclm.es\/archivoartea\/wp-content\/uploads\/sites\/323\/2026\/04\/Oligor.-2002.-Tribulaciones.-Foto.-Juan-Lopez-Lloret.jpeg\" alt=\"\" class=\"wp-image-14214\" \/><\/figure>\n\n\n\n<figure class=\"wp-block-image size-large\"><img loading=\"lazy\" decoding=\"async\" width=\"300\" height=\"300\" data-id=\"14213\" src=\"https:\/\/blog.uclm.es\/archivoartea\/wp-content\/uploads\/sites\/323\/2026\/04\/Oligor.-2002.-Tribulaciones.-Foto.-Juan-Lopez-Lloret-2.jpeg\" alt=\"\" class=\"wp-image-14213\" srcset=\"https:\/\/blog.uclm.es\/archivoartea\/wp-content\/uploads\/sites\/323\/2026\/04\/Oligor.-2002.-Tribulaciones.-Foto.-Juan-Lopez-Lloret-2.jpeg 300w, https:\/\/blog.uclm.es\/archivoartea\/wp-content\/uploads\/sites\/323\/2026\/04\/Oligor.-2002.-Tribulaciones.-Foto.-Juan-Lopez-Lloret-2-150x150.jpeg 150w\" sizes=\"auto, (max-width: 300px) 100vw, 300px\" \/><\/figure>\n<\/figure>\n\n\n\n<p><sup>Fotos: Juan L\u00f3pez Lloret<\/sup><\/p>\n\n\n\n<figure class=\"wp-block-gallery has-nested-images columns-default is-cropped wp-block-gallery-2 is-layout-flex wp-block-gallery-is-layout-flex\">\n<figure class=\"wp-block-image size-large\"><img loading=\"lazy\" decoding=\"async\" width=\"300\" height=\"299\" data-id=\"14210\" src=\"https:\/\/blog.uclm.es\/archivoartea\/wp-content\/uploads\/sites\/323\/2026\/04\/Oligor.-2002.-Tribulaciones.-Foto.-Hnos-Oligor-2.jpeg\" alt=\"\" class=\"wp-image-14210\" srcset=\"https:\/\/blog.uclm.es\/archivoartea\/wp-content\/uploads\/sites\/323\/2026\/04\/Oligor.-2002.-Tribulaciones.-Foto.-Hnos-Oligor-2.jpeg 300w, https:\/\/blog.uclm.es\/archivoartea\/wp-content\/uploads\/sites\/323\/2026\/04\/Oligor.-2002.-Tribulaciones.-Foto.-Hnos-Oligor-2-150x150.jpeg 150w\" sizes=\"auto, (max-width: 300px) 100vw, 300px\" \/><\/figure>\n\n\n\n<figure class=\"wp-block-image size-large\"><img loading=\"lazy\" decoding=\"async\" width=\"300\" height=\"300\" data-id=\"14211\" src=\"https:\/\/blog.uclm.es\/archivoartea\/wp-content\/uploads\/sites\/323\/2026\/04\/Oligor.-2002.-Tribulaciones.-Foto.-Hnos-Oligor.jpeg\" alt=\"\" class=\"wp-image-14211\" srcset=\"https:\/\/blog.uclm.es\/archivoartea\/wp-content\/uploads\/sites\/323\/2026\/04\/Oligor.-2002.-Tribulaciones.-Foto.-Hnos-Oligor.jpeg 300w, https:\/\/blog.uclm.es\/archivoartea\/wp-content\/uploads\/sites\/323\/2026\/04\/Oligor.-2002.-Tribulaciones.-Foto.-Hnos-Oligor-150x150.jpeg 150w\" sizes=\"auto, (max-width: 300px) 100vw, 300px\" \/><\/figure>\n\n\n\n<figure class=\"wp-block-image size-large\"><img loading=\"lazy\" decoding=\"async\" width=\"300\" height=\"260\" data-id=\"14212\" src=\"https:\/\/blog.uclm.es\/archivoartea\/wp-content\/uploads\/sites\/323\/2026\/04\/Oligor.-2002.-Tribulaciones.-Foto.-Jesus-Torres.jpeg\" alt=\"\" class=\"wp-image-14212\" \/><\/figure>\n<\/figure>\n\n\n\n<p><sup>Fotos: Hermanos Oligor y Jes\u00fas Torres<\/sup><\/p>\n\n\n\n<figure class=\"wp-block-gallery has-nested-images columns-default is-cropped wp-block-gallery-3 is-layout-flex wp-block-gallery-is-layout-flex\">\n<figure class=\"wp-block-image size-large\"><img loading=\"lazy\" decoding=\"async\" width=\"300\" height=\"300\" data-id=\"14208\" src=\"https:\/\/blog.uclm.es\/archivoartea\/wp-content\/uploads\/sites\/323\/2026\/04\/Oligor.-2002.-Tribulaciones.-Dibujo-Senen-Oligor-2.jpeg\" alt=\"\" class=\"wp-image-14208\" srcset=\"https:\/\/blog.uclm.es\/archivoartea\/wp-content\/uploads\/sites\/323\/2026\/04\/Oligor.-2002.-Tribulaciones.-Dibujo-Senen-Oligor-2.jpeg 300w, https:\/\/blog.uclm.es\/archivoartea\/wp-content\/uploads\/sites\/323\/2026\/04\/Oligor.-2002.-Tribulaciones.-Dibujo-Senen-Oligor-2-150x150.jpeg 150w\" sizes=\"auto, (max-width: 300px) 100vw, 300px\" \/><\/figure>\n\n\n\n<figure class=\"wp-block-image size-large\"><img loading=\"lazy\" decoding=\"async\" width=\"299\" height=\"222\" data-id=\"14207\" src=\"https:\/\/blog.uclm.es\/archivoartea\/wp-content\/uploads\/sites\/323\/2026\/04\/Oligor.-2002.-Tribulaciones.-Dibujo-Senen-Oligor-1.jpeg\" alt=\"\" class=\"wp-image-14207\" \/><\/figure>\n<\/figure>\n\n\n\n<p><sup>Dibujos de Senen Oligor<\/sup><\/p>\n\n\n\n<p><\/p>\n","protected":false},"excerpt":{"rendered":"<p>Hermanos Oligor. 2002. Teatro de figuras y aut\u00f3matas<\/p>\n","protected":false},"author":285,"featured_media":14210,"comment_status":"open","ping_status":"open","sticky":false,"template":"","format":"standard","meta":{"footnotes":""},"categories":[1],"tags":[213],"class_list":["post-14205","post","type-post","status-publish","format-standard","has-post-thumbnail","hentry","category-sin-categoria","tag-teatro-de-figuras"],"_links":{"self":[{"href":"https:\/\/blog.uclm.es\/archivoartea\/wp-json\/wp\/v2\/posts\/14205","targetHints":{"allow":["GET"]}}],"collection":[{"href":"https:\/\/blog.uclm.es\/archivoartea\/wp-json\/wp\/v2\/posts"}],"about":[{"href":"https:\/\/blog.uclm.es\/archivoartea\/wp-json\/wp\/v2\/types\/post"}],"author":[{"embeddable":true,"href":"https:\/\/blog.uclm.es\/archivoartea\/wp-json\/wp\/v2\/users\/285"}],"replies":[{"embeddable":true,"href":"https:\/\/blog.uclm.es\/archivoartea\/wp-json\/wp\/v2\/comments?post=14205"}],"version-history":[{"count":1,"href":"https:\/\/blog.uclm.es\/archivoartea\/wp-json\/wp\/v2\/posts\/14205\/revisions"}],"predecessor-version":[{"id":14217,"href":"https:\/\/blog.uclm.es\/archivoartea\/wp-json\/wp\/v2\/posts\/14205\/revisions\/14217"}],"wp:featuredmedia":[{"embeddable":true,"href":"https:\/\/blog.uclm.es\/archivoartea\/wp-json\/wp\/v2\/media\/14210"}],"wp:attachment":[{"href":"https:\/\/blog.uclm.es\/archivoartea\/wp-json\/wp\/v2\/media?parent=14205"}],"wp:term":[{"taxonomy":"category","embeddable":true,"href":"https:\/\/blog.uclm.es\/archivoartea\/wp-json\/wp\/v2\/categories?post=14205"},{"taxonomy":"post_tag","embeddable":true,"href":"https:\/\/blog.uclm.es\/archivoartea\/wp-json\/wp\/v2\/tags?post=14205"}],"curies":[{"name":"wp","href":"https:\/\/api.w.org\/{rel}","templated":true}]}}