{"id":14200,"date":"2014-04-27T16:02:00","date_gmt":"2014-04-27T14:02:00","guid":{"rendered":"https:\/\/blog.uclm.es\/archivoartea\/?p=14200"},"modified":"2026-04-27T20:06:24","modified_gmt":"2026-04-27T18:06:24","slug":"shaday-larios","status":"publish","type":"post","link":"https:\/\/blog.uclm.es\/archivoartea\/2014\/04\/27\/shaday-larios\/","title":{"rendered":"Shaday Larios"},"content":{"rendered":"\n<p>Ciudad de M\u00e9xico, 1978.<\/p>\n\n\n\n<figure class=\"wp-block-image size-full\"><img loading=\"lazy\" decoding=\"async\" width=\"197\" height=\"302\" src=\"https:\/\/blog.uclm.es\/archivoartea\/wp-content\/uploads\/sites\/323\/2026\/04\/Shaday-Larios_fotografia.jpg\" alt=\"\" class=\"wp-image-14201\" srcset=\"https:\/\/blog.uclm.es\/archivoartea\/wp-content\/uploads\/sites\/323\/2026\/04\/Shaday-Larios_fotografia.jpg 197w, https:\/\/blog.uclm.es\/archivoartea\/wp-content\/uploads\/sites\/323\/2026\/04\/Shaday-Larios_fotografia-196x300.jpg 196w\" sizes=\"auto, (max-width: 197px) 100vw, 197px\" \/><\/figure>\n\n\n\n<p>Objet\u00f3loga, escritora y creadora esc\u00e9nica. Doctora en Artes Esc\u00e9nicas por la Universidad Aut\u00f3noma de Barcelona y licenciada en Letras Espa\u00f1olas por la Universidad de Guanajuato (M\u00e9xico), funda en 2004 el grupo de escena con objetos&nbsp;<em>Microscop\u00eda Teatro<\/em>. Se dedica a la investigaci\u00f3n-creaci\u00f3n del \u00abteatro de objetos documentales\u00bb con su socio Jomi Oligor, de Navarra, con quien dirige la compa\u00f1\u00eda&nbsp;<a href=\"http:\/\/www.lamaquinadelasoledad.org\/\" target=\"_blank\" rel=\"noreferrer noopener\">Oligor y Microscop\u00eda<\/a><em>.&nbsp;<\/em>Es cofundadora, junto al mencionado Jomi y&nbsp;<a href=\"http:\/\/www.playgroundvisual.com\/\" target=\"_blank\" rel=\"noreferrer noopener\">Xavi Bob\u00e9s<\/a>, del colectivo&nbsp;<a href=\"http:\/\/agenciaelsolar.org\/los-detectives\/\" target=\"_blank\" rel=\"noreferrer noopener\">El Solar. Agencia de detectives de objetos<\/a>, dedicado a explorar los v\u00ednculos entre barrio, memoria, escena y objetos cotidianos. Ejerce como docente y conferenciante sobre objetualidad y escena en m\u00faltiples instituciones. Asimismo, escribe art\u00edculos para diversas publicaciones peri\u00f3dicas sobre po\u00e9ticas contempor\u00e1neas del teatro de formas animadas.&nbsp;<\/p>\n\n\n\n<h4 class=\"wp-block-heading\">Libros<\/h4>\n\n\n\n<ul class=\"wp-block-list\">\n<li>Archivo de la delicadeza. La u\u00d1a RoTa, Segovia, 2025.<\/li>\n\n\n\n<li>Teatro de objetos documentales. La u\u00d1a RoTa, Segovia, 2022.<\/li>\n\n\n\n<li>Los objetos vivos. Escenarios de la materia ind\u00f3cil. Paso de Gato, Ciudad de M\u00e9xico, 2018<\/li>\n<\/ul>\n\n\n\n<p><\/p>\n\n\n\n<h4 class=\"wp-block-heading\">Obras<\/h4>\n\n\n\n<ul class=\"wp-block-list\">\n<li><a href=\"https:\/\/blog.uclm.es\/archivoartea\/2019\/11\/19\/la-melancolia-del-turista\/\" data-type=\"post\" data-id=\"14229\">La melancol\u00eda del turista<\/a> &#8211; Oligor y Microscop\u00eda &#8211; 2019<\/li>\n\n\n\n<li><a href=\"https:\/\/blog.uclm.es\/archivoartea\/2014\/04\/27\/la-maquina-de-la-soledad\/\" data-type=\"post\" data-id=\"14219\">La m\u00e1quina de la soledad<\/a> &#8211; Oligor y Microscop\u00eda &#8211; 2014<\/li>\n<\/ul>\n\n\n\n<h4 class=\"wp-block-heading\">Otros proyectos<\/h4>\n\n\n\n<ul class=\"wp-block-list\">\n<li><a href=\"https:\/\/www.oligorymicroscopia.org\/solar\/\">Agencia El Solar. Detectives de Objetos<\/a>. Pr\u00e1cticas de territorio y cultura material.<\/li>\n<\/ul>\n","protected":false},"excerpt":{"rendered":"<p>Objet\u00f3loga, escritora y creadora esc\u00e9nica. Ciudad de M\u00e9xico, 1978. <\/p>\n","protected":false},"author":285,"featured_media":14201,"comment_status":"open","ping_status":"open","sticky":false,"template":"","format":"standard","meta":{"footnotes":""},"categories":[70,528,1],"tags":[],"class_list":["post-14200","post","type-post","status-publish","format-standard","has-post-thumbnail","hentry","category-artista-escenicas","category-artista-escritura","category-sin-categoria"],"_links":{"self":[{"href":"https:\/\/blog.uclm.es\/archivoartea\/wp-json\/wp\/v2\/posts\/14200","targetHints":{"allow":["GET"]}}],"collection":[{"href":"https:\/\/blog.uclm.es\/archivoartea\/wp-json\/wp\/v2\/posts"}],"about":[{"href":"https:\/\/blog.uclm.es\/archivoartea\/wp-json\/wp\/v2\/types\/post"}],"author":[{"embeddable":true,"href":"https:\/\/blog.uclm.es\/archivoartea\/wp-json\/wp\/v2\/users\/285"}],"replies":[{"embeddable":true,"href":"https:\/\/blog.uclm.es\/archivoartea\/wp-json\/wp\/v2\/comments?post=14200"}],"version-history":[{"count":3,"href":"https:\/\/blog.uclm.es\/archivoartea\/wp-json\/wp\/v2\/posts\/14200\/revisions"}],"predecessor-version":[{"id":14433,"href":"https:\/\/blog.uclm.es\/archivoartea\/wp-json\/wp\/v2\/posts\/14200\/revisions\/14433"}],"wp:featuredmedia":[{"embeddable":true,"href":"https:\/\/blog.uclm.es\/archivoartea\/wp-json\/wp\/v2\/media\/14201"}],"wp:attachment":[{"href":"https:\/\/blog.uclm.es\/archivoartea\/wp-json\/wp\/v2\/media?parent=14200"}],"wp:term":[{"taxonomy":"category","embeddable":true,"href":"https:\/\/blog.uclm.es\/archivoartea\/wp-json\/wp\/v2\/categories?post=14200"},{"taxonomy":"post_tag","embeddable":true,"href":"https:\/\/blog.uclm.es\/archivoartea\/wp-json\/wp\/v2\/tags?post=14200"}],"curies":[{"name":"wp","href":"https:\/\/api.w.org\/{rel}","templated":true}]}}