{"id":14086,"date":"2015-04-26T21:16:00","date_gmt":"2015-04-26T19:16:00","guid":{"rendered":"https:\/\/blog.uclm.es\/archivoartea\/?p=14086"},"modified":"2026-04-26T21:20:54","modified_gmt":"2026-04-26T19:20:54","slug":"clara-bernet","status":"publish","type":"post","link":"https:\/\/blog.uclm.es\/archivoartea\/2015\/04\/26\/clara-bernet\/","title":{"rendered":"Clara Bernet"},"content":{"rendered":"\n<figure class=\"wp-block-image size-full\"><img loading=\"lazy\" decoding=\"async\" width=\"511\" height=\"511\" src=\"https:\/\/blog.uclm.es\/archivoartea\/wp-content\/uploads\/sites\/323\/2026\/04\/Clara-Bernet.jpg\" alt=\"\" class=\"wp-image-14087\" srcset=\"https:\/\/blog.uclm.es\/archivoartea\/wp-content\/uploads\/sites\/323\/2026\/04\/Clara-Bernet.jpg 511w, https:\/\/blog.uclm.es\/archivoartea\/wp-content\/uploads\/sites\/323\/2026\/04\/Clara-Bernet-300x300.jpg 300w, https:\/\/blog.uclm.es\/archivoartea\/wp-content\/uploads\/sites\/323\/2026\/04\/Clara-Bernet-150x150.jpg 150w\" sizes=\"auto, (max-width: 511px) 100vw, 511px\" \/><\/figure>\n\n\n\n<p>Graduada en bioqu\u00edmica por la UCM y artista circense formada en la escuela de circo INAC de Portugal (2018\/2020) con especialidad en rueda cyr y segunda especialidad de pinos y acrodanza (Profesores: Fabio Pinna, Bruno Carvalho, Mau Jara, Victor Abreu y Ana Dora Borges). Formaci\u00f3n en ballet por la \u201cRoyal Academy of Dance of London\u201d y en danza contempor\u00e1nea, as\u00ed como teatro f\u00edsico y gestual. En 2014 funda su compa\u00f1\u00eda de circo \u201cCirculum\u201d y comienza con formaciones continuadas de verticales, malabares, acrobacia, acrodanza y portes acrob\u00e1ticos en Carampa, Fedriani y Descalzinha danza en Madrid. Destaca su motivaci\u00f3n por la acrodanza y el flying low con profesores como Maximiliano Sandford, Stefano Fabris, Roseta Plasencia, Akira o Luc\u00eda Marote, entre otros. Paralelamente ha estado involucrada en la organizaci\u00f3n de dos festivales de circo (el EUCIMA y Asaltos) y en 2015 realiz\u00f3 un voluntariado de circo social en Bolivia con \u00abPerforming arts\u00bb.<\/p>\n\n\n\n<p>Art\u00edsticamente destaca su participaci\u00f3n reciente en el espect\u00e1culo teatro-circo \u00abPeter y Wendy\u00bb de la Joven compa\u00f1\u00eda de teatro de Madrid, dirigido por Jose Luis Arellano y estrenado en el teatro circo Price en abril de 2023 (papel de Michael (hermano peque\u00f1o de Wendy). Tambi\u00e9n ha formado parte de otros proyectos como en el espect\u00e1culo \u201cen \u00abBefore de rain\u00bb, dirigida por Roberto Magro, ha formado parte del elenco de la \u2018Fundaci\u00f3n Antonio Gades\u2019 en la \u00d3pera \u201cCarmen\u201d en el Royal Opera House de Muscat como acr\u00f3bata y act\u00faa con la rueda cyr en el espect\u00e1culo \u00abQuimera\u00bb de Pablo M\u00e9ndez (Galicia) y \u201cCharivari\u201d de la compa\u00f1\u00eda El circ\u00f3dromo (Madrid).<\/p>\n\n\n\n<p>A nivel propio y junto a su compa\u00f1\u00eda C\u00edrculum, destaca su trabajo grupal con el espect\u00e1culo de calle \u201cNi no ni nana\u201d estrenado en el Umore Azoka en 2022 y representado en festivales de referencia como \u00abCoslada Radial\u00bb, \u00abCircalle\u00bb, \u201cCa\u00f1o-on festival\u201d, \u201cRototom\u201d y el \u201cMadNcircus Festival\u201d. Recientemente ha sido estrenado en sala (teatro Josep Carreras), tras la residencia en el FRAC de Fuenlabrada en Noviembre de 2022. En 2015, funda la asociaci\u00f3n \u201cAsaltos circo\u201d en Cuenca con el objetivo de acercar la cultura circense a su ciudad a trav\u00e9s de talleres did\u00e1cticos en el medio rural y pasacalles de circo destacando su trabajo con los malabares de fuego y la rueda cyr y la fabricaci\u00f3n de vestuario visual y m\u00e1gico. A nivel individual, en 2020 estrena su solo de rueda cyr final de la escuela INAC \u00abNo aparece mi nombre\u2026\u00bb, en 2021 viaja en b\u00fasqueda de nuevos lenguajes, asistiendo a distintos curso y entrenando con distintos colectivo por distintos espacios a nivel nacional e internacional. En el \u00faltimo a\u00f1o 2022 destaca su motivaci\u00f3n por las sinergias, con colaboraciones art\u00edsticas junto a otros colectivos teatrales y musicales como ZaskandilFolk o<br>el videoarte titulado \u201cDonde habitan la luz y la sombra\u201d donde dialogan el movimiento y la obra pl\u00e1stica de Victoria Santesmases y estrenado en el teatro auditorio de Cuenca en junio de 2022.<\/p>\n\n\n\n<p>Trabajos en colectivo:<br>\u2013 <a href=\"https:\/\/vimeo.com\/522516227\" target=\"_blank\" rel=\"noreferrer noopener\">N\u00famero de calle<\/a> junto a su compa\u00f1\u00eda de circo C\u00edrculum (rueda cyr, portes, malabares de fuego, clown):<br>\u2013 <a href=\"https:\/\/www.youtube.com\/watch?v=q2yilAKOdRM&amp;ab_channel=ClaraBernetG arc%C%ADaSantesmases\" target=\"_blank\" rel=\"noreferrer noopener\">La molinera<\/a> (colaboracion con Zaskandil Folk): m\u00fasica tradicional + circo<br>\u2013 Videoarte: <a href=\"https:\/\/www.youtube.com\/watch?v=l8QjdnUlBYY&amp;ab_channel=lauralaria\" target=\"_blank\" rel=\"noreferrer noopener\">Artes pl\u00e1sticas, m\u00fasica, movimiento<\/a><br>\u2013 <a href=\"https:\/\/www.youtube.com\/watch?v=Qy2p12F8xG4&amp;feature=youtu.be&amp;ab_channel=Cl araBernetGarc%C3%ADa-Santesmases\" target=\"_blank\" rel=\"noreferrer noopener\">N\u00famero propio individual de rueda cyr<\/a>:<br><\/p>\n\n\n\n<figure class=\"wp-block-image size-full\"><img loading=\"lazy\" decoding=\"async\" width=\"1056\" height=\"615\" src=\"https:\/\/blog.uclm.es\/archivoartea\/wp-content\/uploads\/sites\/323\/2026\/04\/Clara-Bernet-2.jpg\" alt=\"\" class=\"wp-image-14088\" srcset=\"https:\/\/blog.uclm.es\/archivoartea\/wp-content\/uploads\/sites\/323\/2026\/04\/Clara-Bernet-2.jpg 1056w, https:\/\/blog.uclm.es\/archivoartea\/wp-content\/uploads\/sites\/323\/2026\/04\/Clara-Bernet-2-300x175.jpg 300w, https:\/\/blog.uclm.es\/archivoartea\/wp-content\/uploads\/sites\/323\/2026\/04\/Clara-Bernet-2-768x447.jpg 768w\" sizes=\"auto, (max-width: 1056px) 100vw, 1056px\" \/><\/figure>\n","protected":false},"excerpt":{"rendered":"<p>Artista de teatro-circo<\/p>\n","protected":false},"author":285,"featured_media":14087,"comment_status":"open","ping_status":"open","sticky":false,"template":"","format":"standard","meta":{"footnotes":""},"categories":[481],"tags":[210],"class_list":["post-14086","post","type-post","status-publish","format-standard","has-post-thumbnail","hentry","category-2022-artes-efimeras-en-castilla-la-mancha","tag-circo"],"_links":{"self":[{"href":"https:\/\/blog.uclm.es\/archivoartea\/wp-json\/wp\/v2\/posts\/14086","targetHints":{"allow":["GET"]}}],"collection":[{"href":"https:\/\/blog.uclm.es\/archivoartea\/wp-json\/wp\/v2\/posts"}],"about":[{"href":"https:\/\/blog.uclm.es\/archivoartea\/wp-json\/wp\/v2\/types\/post"}],"author":[{"embeddable":true,"href":"https:\/\/blog.uclm.es\/archivoartea\/wp-json\/wp\/v2\/users\/285"}],"replies":[{"embeddable":true,"href":"https:\/\/blog.uclm.es\/archivoartea\/wp-json\/wp\/v2\/comments?post=14086"}],"version-history":[{"count":1,"href":"https:\/\/blog.uclm.es\/archivoartea\/wp-json\/wp\/v2\/posts\/14086\/revisions"}],"predecessor-version":[{"id":14089,"href":"https:\/\/blog.uclm.es\/archivoartea\/wp-json\/wp\/v2\/posts\/14086\/revisions\/14089"}],"wp:featuredmedia":[{"embeddable":true,"href":"https:\/\/blog.uclm.es\/archivoartea\/wp-json\/wp\/v2\/media\/14087"}],"wp:attachment":[{"href":"https:\/\/blog.uclm.es\/archivoartea\/wp-json\/wp\/v2\/media?parent=14086"}],"wp:term":[{"taxonomy":"category","embeddable":true,"href":"https:\/\/blog.uclm.es\/archivoartea\/wp-json\/wp\/v2\/categories?post=14086"},{"taxonomy":"post_tag","embeddable":true,"href":"https:\/\/blog.uclm.es\/archivoartea\/wp-json\/wp\/v2\/tags?post=14086"}],"curies":[{"name":"wp","href":"https:\/\/api.w.org\/{rel}","templated":true}]}}