{"id":14080,"date":"2017-07-26T21:09:00","date_gmt":"2017-07-26T19:09:00","guid":{"rendered":"https:\/\/blog.uclm.es\/archivoartea\/?p=14080"},"modified":"2026-04-26T21:12:31","modified_gmt":"2026-04-26T19:12:31","slug":"malen-iturri-morilla","status":"publish","type":"post","link":"https:\/\/blog.uclm.es\/archivoartea\/2017\/07\/26\/malen-iturri-morilla\/","title":{"rendered":"Mal\u00e9n Iturri Morilla"},"content":{"rendered":"\n<p>MPECV. 2016-17<\/p>\n\n\n\n<figure class=\"wp-block-image size-full\"><img loading=\"lazy\" decoding=\"async\" width=\"800\" height=\"1004\" src=\"https:\/\/blog.uclm.es\/archivoartea\/wp-content\/uploads\/sites\/323\/2026\/04\/Malen-Iturri-Montilla.jpg\" alt=\"\" class=\"wp-image-14081\" srcset=\"https:\/\/blog.uclm.es\/archivoartea\/wp-content\/uploads\/sites\/323\/2026\/04\/Malen-Iturri-Montilla.jpg 800w, https:\/\/blog.uclm.es\/archivoartea\/wp-content\/uploads\/sites\/323\/2026\/04\/Malen-Iturri-Montilla-239x300.jpg 239w, https:\/\/blog.uclm.es\/archivoartea\/wp-content\/uploads\/sites\/323\/2026\/04\/Malen-Iturri-Montilla-768x964.jpg 768w\" sizes=\"auto, (max-width: 800px) 100vw, 800px\" \/><\/figure>\n\n\n\n<p>Despliega su curiosidad en torno a pr\u00e1cticas de sensibilizaci\u00f3n desde un enfoque som\u00e1tico, apoy\u00e1ndose en el estudio del desarrollo evolutivo y la embriolog\u00eda, y a trav\u00e9s de preguntas y reflexiones desde los pensamientos feministas y cuir-queer.<\/p>\n\n\n\n<p>Su pr\u00e1ctica art\u00edstica y pedag\u00f3gica pulsa desde la b\u00fasqueda de imaginarios colectivos senso-perceptivos otros, entorno a la vida como estado relacional continuo entre seres m\u00e1s que humanes. Investiga y acciona en los \u00e1mbitos del estudio del movimiento, la danza contempor\u00e1nea, el contact improvisaci\u00f3n y la creaci\u00f3n esc\u00e9nica a la vez que se sumerge en experimentaciones s\u00f3nicas y la composici\u00f3n de m\u00fasica electr\u00f3nica con el proyecto M\u00edmbere.<br>[<a href=\"https:\/\/mimbere.bandcamp.com\/\">https:\/\/mimbere.bandcamp.com\/<\/a>]<\/p>\n\n\n\n<p>Es Educadora del Movimiento Evolutivo Infantil (IDME) y Educadora Som\u00e1tica el Movimiento (SME \u2013 en proceso de certificaci\u00f3n) por la escuela de Body-Mind Centering\u00ae, graduada en Bellas Artes por la UPV, egresada del M\u00e1ster en Pr\u00e1ctica Esc\u00e9nica y Cultura Visual (UCLM-ARTEA-MNCARS) en Madrid y del M\u00e1ster Universitario en Estudios Culturales y Art\u00edsticos con perspectivas Feministas y Cuir [MUECA] de la UMH.<\/p>\n\n\n\n<p>Actualmente se encuentra desarrollando su t\u00e9sis doctoral, dentro del Programa de Doctorado en Arte: Producci\u00f3n e Investigaci\u00f3n en la facultad de Bellas Artes UPV, en torno a t\u00e1cticas involucionistas y ecolog\u00edas afectivas a trav\u00e9s de pr\u00e1cticas eco-som\u00e1ticas.<\/p>\n\n\n\n<p><a href=\"https:\/\/cargocollective.com\/maleniturri\">https:\/\/cargocollective.com\/maleniturri<\/a><\/p>\n\n\n\n<p>instagram:&nbsp;<a href=\"https:\/\/www.instagram.com\/maleniturri\/\">@maleniturri<\/a><\/p>\n\n\n\n<figure class=\"wp-block-image size-full\"><img loading=\"lazy\" decoding=\"async\" width=\"843\" height=\"1200\" src=\"https:\/\/blog.uclm.es\/archivoartea\/wp-content\/uploads\/sites\/323\/2017\/07\/Malen-Iturri-Montilla-2.jpg\" alt=\"\" class=\"wp-image-14083\" srcset=\"https:\/\/blog.uclm.es\/archivoartea\/wp-content\/uploads\/sites\/323\/2017\/07\/Malen-Iturri-Montilla-2.jpg 843w, https:\/\/blog.uclm.es\/archivoartea\/wp-content\/uploads\/sites\/323\/2017\/07\/Malen-Iturri-Montilla-2-211x300.jpg 211w, https:\/\/blog.uclm.es\/archivoartea\/wp-content\/uploads\/sites\/323\/2017\/07\/Malen-Iturri-Montilla-2-768x1093.jpg 768w\" sizes=\"auto, (max-width: 843px) 100vw, 843px\" \/><\/figure>\n","protected":false},"excerpt":{"rendered":"<p>MPECV. 2016-17<\/p>\n","protected":false},"author":285,"featured_media":14081,"comment_status":"open","ping_status":"open","sticky":false,"template":"","format":"standard","meta":{"footnotes":""},"categories":[121],"tags":[],"class_list":["post-14080","post","type-post","status-publish","format-standard","has-post-thumbnail","hentry","category-mpecv"],"_links":{"self":[{"href":"https:\/\/blog.uclm.es\/archivoartea\/wp-json\/wp\/v2\/posts\/14080","targetHints":{"allow":["GET"]}}],"collection":[{"href":"https:\/\/blog.uclm.es\/archivoartea\/wp-json\/wp\/v2\/posts"}],"about":[{"href":"https:\/\/blog.uclm.es\/archivoartea\/wp-json\/wp\/v2\/types\/post"}],"author":[{"embeddable":true,"href":"https:\/\/blog.uclm.es\/archivoartea\/wp-json\/wp\/v2\/users\/285"}],"replies":[{"embeddable":true,"href":"https:\/\/blog.uclm.es\/archivoartea\/wp-json\/wp\/v2\/comments?post=14080"}],"version-history":[{"count":2,"href":"https:\/\/blog.uclm.es\/archivoartea\/wp-json\/wp\/v2\/posts\/14080\/revisions"}],"predecessor-version":[{"id":14084,"href":"https:\/\/blog.uclm.es\/archivoartea\/wp-json\/wp\/v2\/posts\/14080\/revisions\/14084"}],"wp:featuredmedia":[{"embeddable":true,"href":"https:\/\/blog.uclm.es\/archivoartea\/wp-json\/wp\/v2\/media\/14081"}],"wp:attachment":[{"href":"https:\/\/blog.uclm.es\/archivoartea\/wp-json\/wp\/v2\/media?parent=14080"}],"wp:term":[{"taxonomy":"category","embeddable":true,"href":"https:\/\/blog.uclm.es\/archivoartea\/wp-json\/wp\/v2\/categories?post=14080"},{"taxonomy":"post_tag","embeddable":true,"href":"https:\/\/blog.uclm.es\/archivoartea\/wp-json\/wp\/v2\/tags?post=14080"}],"curies":[{"name":"wp","href":"https:\/\/api.w.org\/{rel}","templated":true}]}}