{"id":14074,"date":"2018-07-26T21:01:00","date_gmt":"2018-07-26T19:01:00","guid":{"rendered":"https:\/\/blog.uclm.es\/archivoartea\/?p=14074"},"modified":"2026-04-26T21:02:59","modified_gmt":"2026-04-26T19:02:59","slug":"jessica-huerta","status":"publish","type":"post","link":"https:\/\/blog.uclm.es\/archivoartea\/2018\/07\/26\/jessica-huerta\/","title":{"rendered":"Jessica Huerta"},"content":{"rendered":"\n<p>MPECV. 2017-18<\/p>\n\n\n\n<figure class=\"wp-block-image size-full\"><img loading=\"lazy\" decoding=\"async\" width=\"567\" height=\"378\" src=\"https:\/\/blog.uclm.es\/archivoartea\/wp-content\/uploads\/sites\/323\/2026\/04\/Jessica-Huerta.jpg\" alt=\"\" class=\"wp-image-14075\" srcset=\"https:\/\/blog.uclm.es\/archivoartea\/wp-content\/uploads\/sites\/323\/2026\/04\/Jessica-Huerta.jpg 567w, https:\/\/blog.uclm.es\/archivoartea\/wp-content\/uploads\/sites\/323\/2026\/04\/Jessica-Huerta-300x200.jpg 300w\" sizes=\"auto, (max-width: 567px) 100vw, 567px\" \/><\/figure>\n\n\n\n<p>Actriz, directora y pedagoga teatral. Estudi\u00f3 en la Universidad de las Artes y Ciencias Sociales, Santiago de Chile. Realiz\u00f3 el M\u00e1ster en Pr\u00e1ctica Esc\u00e9nica y Cultura Visual de la Universidad Castilla-La Mancha en colaboraci\u00f3n con el Museo Reina Sof\u00eda. Ha transitado por diversos lenguajes art\u00edsticos, como teatro, performance y audiovisual. Lo ecl\u00e9ctico y la asociaci\u00f3n son la base en cada una de sus creaciones, donde convergen m\u00faltiples disciplinas, dialogando siempre con los contextos actuales.<\/p>\n\n\n\n<p>Como actriz e investigadora ha estado en diversos escenarios, destacando su trabajo como protagonista en la obra Estado de Emergencia de Falk Richter, una producci\u00f3n de la compa\u00f1\u00eda chilena Naci\u00f3n Resiliente, con la colaboraci\u00f3n del Goethe-Institut Madrid, que fue parte del lll Festival Iberoamericano de Teatro de La Rioja; y actriz-activadora de lectura de Palabras Ajenas, un collage literario de Le\u00f3n Ferrari, en el Museo Reina Sof\u00eda.<\/p>\n\n\n\n<p>Como performer ha participado en la Conferencia Performativa Torre de Babel de Jos\u00e9 A. S\u00e1nchez, as\u00ed como en el Concierto ZAJ para 60 voces de Esther Ferrer, y en \u00bfWhat should we talk about? (\u00bfDe qu\u00e9 deber\u00edamos hablar?) en el marco del festival FLIPAS, coproducci\u00f3n de Casa \u00c1rabe Madrid y Goethe-Institut Madrid.<\/p>\n\n\n\n<p>Como directora, estuvo a cargo de la obra&nbsp;<em>Quiz\u00e1 sea esta la \u00faltima vez que tenga que decirte algo<\/em>&nbsp;en el Teatro Sidarte (Chile), y Las Laurencias, proyecto seleccionado en la residencia art\u00edstica \u201cIncubadora 2022\u201d del Corral de Comedias de Alcal\u00e1, en las Jornadas de Mentoring y Acompa\u00f1amiento de MACOMAD y actualmente cuentan con una residencia art\u00edstica en el Teatro del Barrio.<\/p>\n\n\n\n<p>Redes sociales:&nbsp;<a href=\"https:\/\/www.instagram.com\/laslaurencias\/\">Las Laurencias (@laslaurencias) \u2022 Fotos y videos de Instagram<\/a><\/p>\n","protected":false},"excerpt":{"rendered":"<p>MPECV. 2017-18 Actriz, directora y pedagoga teatral. Estudi\u00f3 en la Universidad de las Artes y Ciencias Sociales, Santiago de Chile. Realiz\u00f3 el M\u00e1ster en Pr\u00e1ctica Esc\u00e9nica y Cultura Visual de la Universidad Castilla-La Mancha en colaboraci\u00f3n con el Museo Reina Sof\u00eda. Ha transitado por diversos lenguajes art\u00edsticos, como teatro, performance y audiovisual. Lo ecl\u00e9ctico y [&hellip;]<\/p>\n","protected":false},"author":285,"featured_media":14075,"comment_status":"open","ping_status":"open","sticky":false,"template":"","format":"standard","meta":{"footnotes":""},"categories":[121],"tags":[],"class_list":["post-14074","post","type-post","status-publish","format-standard","has-post-thumbnail","hentry","category-mpecv"],"_links":{"self":[{"href":"https:\/\/blog.uclm.es\/archivoartea\/wp-json\/wp\/v2\/posts\/14074","targetHints":{"allow":["GET"]}}],"collection":[{"href":"https:\/\/blog.uclm.es\/archivoartea\/wp-json\/wp\/v2\/posts"}],"about":[{"href":"https:\/\/blog.uclm.es\/archivoartea\/wp-json\/wp\/v2\/types\/post"}],"author":[{"embeddable":true,"href":"https:\/\/blog.uclm.es\/archivoartea\/wp-json\/wp\/v2\/users\/285"}],"replies":[{"embeddable":true,"href":"https:\/\/blog.uclm.es\/archivoartea\/wp-json\/wp\/v2\/comments?post=14074"}],"version-history":[{"count":1,"href":"https:\/\/blog.uclm.es\/archivoartea\/wp-json\/wp\/v2\/posts\/14074\/revisions"}],"predecessor-version":[{"id":14076,"href":"https:\/\/blog.uclm.es\/archivoartea\/wp-json\/wp\/v2\/posts\/14074\/revisions\/14076"}],"wp:featuredmedia":[{"embeddable":true,"href":"https:\/\/blog.uclm.es\/archivoartea\/wp-json\/wp\/v2\/media\/14075"}],"wp:attachment":[{"href":"https:\/\/blog.uclm.es\/archivoartea\/wp-json\/wp\/v2\/media?parent=14074"}],"wp:term":[{"taxonomy":"category","embeddable":true,"href":"https:\/\/blog.uclm.es\/archivoartea\/wp-json\/wp\/v2\/categories?post=14074"},{"taxonomy":"post_tag","embeddable":true,"href":"https:\/\/blog.uclm.es\/archivoartea\/wp-json\/wp\/v2\/tags?post=14074"}],"curies":[{"name":"wp","href":"https:\/\/api.w.org\/{rel}","templated":true}]}}