{"id":14071,"date":"2014-07-26T20:59:00","date_gmt":"2014-07-26T18:59:00","guid":{"rendered":"https:\/\/blog.uclm.es\/archivoartea\/?p=14071"},"modified":"2026-04-26T21:00:38","modified_gmt":"2026-04-26T19:00:38","slug":"lizeth-segura","status":"publish","type":"post","link":"https:\/\/blog.uclm.es\/archivoartea\/2014\/07\/26\/lizeth-segura\/","title":{"rendered":"Lizeth Segura"},"content":{"rendered":"\n<p>MPECV. 2013-14<\/p>\n\n\n\n<figure class=\"wp-block-image size-full\"><img loading=\"lazy\" decoding=\"async\" width=\"567\" height=\"656\" src=\"https:\/\/blog.uclm.es\/archivoartea\/wp-content\/uploads\/sites\/323\/2026\/04\/Lizeth-Segura.jpg\" alt=\"\" class=\"wp-image-14072\" srcset=\"https:\/\/blog.uclm.es\/archivoartea\/wp-content\/uploads\/sites\/323\/2026\/04\/Lizeth-Segura.jpg 567w, https:\/\/blog.uclm.es\/archivoartea\/wp-content\/uploads\/sites\/323\/2026\/04\/Lizeth-Segura-259x300.jpg 259w\" sizes=\"auto, (max-width: 567px) 100vw, 567px\" \/><figcaption class=\"wp-element-caption\">sdr<\/figcaption><\/figure>\n\n\n\n<p>Egresada como actriz de El Foro Teatro Contempor\u00e1neo y de la licenciatura en etnohistoria de la Escuela Nacional de Antropolog\u00eda e Historia.<\/p>\n\n\n\n<p>Realiz\u00f3 el taller internacional de cine documental en la Escuela Internacional de Cine y TV (EICTV) 2009 y la diplomatura de cine documental en el Instituto de Cine de Madrid en 2011. Posteriormente, en el contexto del M\u00e1ster en Pr\u00e1ctica Esc\u00e9nica y Cultura Visual (ARTEA \u2013 UCLM) desarroll\u00f3 la pieza de sitio espec\u00edfico \u201cMirar al suelo, mirar al cielo, un paseo audiovisual\u201d para el Museo Centro de Arte Reina Sof\u00eda y \u201cI love Madrid\u201d pieza audiovisual con la que particip\u00f3 en el Encuentro Internacional de Teatro Documento en la REASAD, 2014.<\/p>\n\n\n\n<p>Fue residente del programa Escenarios de lo Real en la Ciudad de M\u00e9xico en 2019, particip\u00f3 en la conferencia perform\u00e1tica \u201cLa Pol\u00edtica de la est\u00e9tica y la est\u00e9tica de la pol\u00edtica\u201d presentada en la 40\u00ba Muestra Nacional de Teatro en Colima, M\u00e9xico.<\/p>\n\n\n\n<p>Fue seleccionada con el proyecto USTED ESTUVO AQUI por el programa Procesos En Di\u00e1logo (PeD21 \u2013 CCEMx, CEART, CECUT), la misma pieza en desarrollo fue seleccionada para participar en Flash ACT Arte, Ciencia y Tecnolog\u00eda Lab48 2022 y en Nest. Maternar en Residencia \/ Resistencia en Karne Kunst, Berl\u00edn 2022.<\/p>\n\n\n\n<p>Particip\u00f3 con la ponencia \u201cMaternar: Pr\u00e1cticas art\u00edsticas y discursos\u201d en el Congreso de Investigaci\u00f3n-creaci\u00f3n y violencias de g\u00e9nero en la Universidad Complutense de Madrid, 2022.<\/p>\n\n\n\n<p>Apoyos: Beca DOCS-EICTV 2009, Programa de estudios en el extranjero FONCA 2011, beneficiaria del apoyo PAC COVID 2020.<\/p>\n\n\n\n<p>IG:&nbsp;<a href=\"https:\/\/www.instagram.com\/ninassalvajes\/\">@ninassalvajes<\/a><\/p>\n\n\n\n<p><a href=\"https:\/\/vimeo.com\/lizethsegura\">https:\/\/vimeo.com\/lizethsegura<\/a><\/p>\n","protected":false},"excerpt":{"rendered":"<p>MPECV. 2013-14<\/p>\n","protected":false},"author":285,"featured_media":14072,"comment_status":"open","ping_status":"open","sticky":false,"template":"","format":"standard","meta":{"footnotes":""},"categories":[121],"tags":[],"class_list":["post-14071","post","type-post","status-publish","format-standard","has-post-thumbnail","hentry","category-mpecv"],"_links":{"self":[{"href":"https:\/\/blog.uclm.es\/archivoartea\/wp-json\/wp\/v2\/posts\/14071","targetHints":{"allow":["GET"]}}],"collection":[{"href":"https:\/\/blog.uclm.es\/archivoartea\/wp-json\/wp\/v2\/posts"}],"about":[{"href":"https:\/\/blog.uclm.es\/archivoartea\/wp-json\/wp\/v2\/types\/post"}],"author":[{"embeddable":true,"href":"https:\/\/blog.uclm.es\/archivoartea\/wp-json\/wp\/v2\/users\/285"}],"replies":[{"embeddable":true,"href":"https:\/\/blog.uclm.es\/archivoartea\/wp-json\/wp\/v2\/comments?post=14071"}],"version-history":[{"count":1,"href":"https:\/\/blog.uclm.es\/archivoartea\/wp-json\/wp\/v2\/posts\/14071\/revisions"}],"predecessor-version":[{"id":14073,"href":"https:\/\/blog.uclm.es\/archivoartea\/wp-json\/wp\/v2\/posts\/14071\/revisions\/14073"}],"wp:featuredmedia":[{"embeddable":true,"href":"https:\/\/blog.uclm.es\/archivoartea\/wp-json\/wp\/v2\/media\/14072"}],"wp:attachment":[{"href":"https:\/\/blog.uclm.es\/archivoartea\/wp-json\/wp\/v2\/media?parent=14071"}],"wp:term":[{"taxonomy":"category","embeddable":true,"href":"https:\/\/blog.uclm.es\/archivoartea\/wp-json\/wp\/v2\/categories?post=14071"},{"taxonomy":"post_tag","embeddable":true,"href":"https:\/\/blog.uclm.es\/archivoartea\/wp-json\/wp\/v2\/tags?post=14071"}],"curies":[{"name":"wp","href":"https:\/\/api.w.org\/{rel}","templated":true}]}}