{"id":14066,"date":"2015-07-26T20:54:00","date_gmt":"2015-07-26T18:54:00","guid":{"rendered":"https:\/\/blog.uclm.es\/archivoartea\/?p=14066"},"modified":"2026-04-26T20:57:10","modified_gmt":"2026-04-26T18:57:10","slug":"marta-sponzili","status":"publish","type":"post","link":"https:\/\/blog.uclm.es\/archivoartea\/2015\/07\/26\/marta-sponzili\/","title":{"rendered":"Marta Sponzili"},"content":{"rendered":"\n<p>MPECV. 2014-15<\/p>\n\n\n\n<figure class=\"wp-block-image size-full\"><img loading=\"lazy\" decoding=\"async\" width=\"883\" height=\"941\" src=\"https:\/\/blog.uclm.es\/archivoartea\/wp-content\/uploads\/sites\/323\/2015\/07\/Marta-Sponzilli.jpg\" alt=\"\" class=\"wp-image-14068\" srcset=\"https:\/\/blog.uclm.es\/archivoartea\/wp-content\/uploads\/sites\/323\/2015\/07\/Marta-Sponzilli.jpg 883w, https:\/\/blog.uclm.es\/archivoartea\/wp-content\/uploads\/sites\/323\/2015\/07\/Marta-Sponzilli-282x300.jpg 282w, https:\/\/blog.uclm.es\/archivoartea\/wp-content\/uploads\/sites\/323\/2015\/07\/Marta-Sponzilli-768x818.jpg 768w\" sizes=\"auto, (max-width: 883px) 100vw, 883px\" \/><\/figure>\n\n\n\n<p>Marta Sponzilli (Italia 1980) es artista esc\u00e9nica y maestra de Yoga. Se dedica a la investigaci\u00f3n en la danza y en las pr\u00e1cticas perform\u00e1ticas. El inter\u00e9s en el cuerpo y su relaci\u00f3n con la mente, las emociones, las im\u00e1genes y el espacio ha guiado su trabajo esc\u00e9nico. Este enfoque la ha llevado tambi\u00e9n a profundizar en el Hatha Yoga.<\/p>\n\n\n\n<p>Su pr\u00e1ctica se desarrolla a trav\u00e9s de la creaci\u00f3n de piezas, procesos pedag\u00f3gicos, coordinaci\u00f3n de proyectos y la participaci\u00f3n en di\u00e1logos colaborativos entre artistas, en donde los procesos creativos y de investigaci\u00f3n, la interrelaci\u00f3n entre diferentes forma de pensar, producir y exhibir una obra son al centro de la reflexi\u00f3n y pr\u00e1ctica art\u00edstica.<\/p>\n\n\n\n<p>Se interesa al movimiento y a la danza en cuanto procesos transformativos, energ\u00e9ticos, meditativos, perceptivos y de experiencia de las relaciones con uno mismo, el entorno y la alteridad.<\/p>\n\n\n\n<p>Es graduada en danza moderna y contempor\u00e1nea por la Academia De Theaterschool en \u00c1msterdam, Holanda (2006) y en el 2014\/15 cursa el Master en Pr\u00e1ctica Esc\u00e9nica y Cultura Visual MPECV, Universidad Castilla-La Mancha, bajo la gu\u00eda del grupo de investigaci\u00f3n Artea.<\/p>\n\n\n\n<p>Marta ha trabajado como bailarina, core\u00f3grafa, maestra de danza e Yoga en Holanda, Italia, Espa\u00f1a y M\u00e9xico, habitando teatros, museos, centros culturales, casas particulares y espacios independientes.<\/p>\n\n\n\n<p>A partir de la experiencia en la granja de Min Tanaka en Jap\u00f3n (2007\/2008) forma parte de la comunidad del BodyWeatherAmsterdam (Frank van de Ven y Katarina Bakatsaki) y se ha dedicado al desarrollo de esta pr\u00e1ctica a trav\u00e9s del laboratorio \u201cEl cuerpo generador de atm\u00f3sferas\u201d en M\u00e9xico, Espa\u00f1a e Italia.<\/p>\n\n\n\n<p>Diez a\u00f1os de vida y trabajo en M\u00e9xico han afectado profundamente su visi\u00f3n del mundo y su trabajo gracias al encuentro e intercambio con artistas locales del gremio de la danza y del teatro. Hoy en d\u00eda Marta vive en Roma, donde imparte clases de Hatha Yoga y Yoga Scaravelli Inspired, sigue su investigaci\u00f3n en la danza y colabora con artistas locales e internacionales (Neutopica, Colectivo Nebulae, Open Space-laboratorio para la improvisaci\u00f3n de danza y m\u00fasica).<\/p>\n\n\n\n<p><a href=\"http:\/\/martasponzilli.blogspot.mx\/\">http:\/\/martasponzilli.blogspot.mx\/<\/a><\/p>\n\n\n\n<p><a href=\"https:\/\/www.facebook.com\/marta.sponzilli\">https:\/\/www.facebook.com\/marta.sponzilli<\/a><\/p>\n","protected":false},"excerpt":{"rendered":"<p>MPECV. 2014-15<\/p>\n","protected":false},"author":285,"featured_media":14068,"comment_status":"open","ping_status":"open","sticky":false,"template":"","format":"standard","meta":{"footnotes":""},"categories":[121],"tags":[],"class_list":["post-14066","post","type-post","status-publish","format-standard","has-post-thumbnail","hentry","category-mpecv"],"_links":{"self":[{"href":"https:\/\/blog.uclm.es\/archivoartea\/wp-json\/wp\/v2\/posts\/14066","targetHints":{"allow":["GET"]}}],"collection":[{"href":"https:\/\/blog.uclm.es\/archivoartea\/wp-json\/wp\/v2\/posts"}],"about":[{"href":"https:\/\/blog.uclm.es\/archivoartea\/wp-json\/wp\/v2\/types\/post"}],"author":[{"embeddable":true,"href":"https:\/\/blog.uclm.es\/archivoartea\/wp-json\/wp\/v2\/users\/285"}],"replies":[{"embeddable":true,"href":"https:\/\/blog.uclm.es\/archivoartea\/wp-json\/wp\/v2\/comments?post=14066"}],"version-history":[{"count":3,"href":"https:\/\/blog.uclm.es\/archivoartea\/wp-json\/wp\/v2\/posts\/14066\/revisions"}],"predecessor-version":[{"id":14070,"href":"https:\/\/blog.uclm.es\/archivoartea\/wp-json\/wp\/v2\/posts\/14066\/revisions\/14070"}],"wp:featuredmedia":[{"embeddable":true,"href":"https:\/\/blog.uclm.es\/archivoartea\/wp-json\/wp\/v2\/media\/14068"}],"wp:attachment":[{"href":"https:\/\/blog.uclm.es\/archivoartea\/wp-json\/wp\/v2\/media?parent=14066"}],"wp:term":[{"taxonomy":"category","embeddable":true,"href":"https:\/\/blog.uclm.es\/archivoartea\/wp-json\/wp\/v2\/categories?post=14066"},{"taxonomy":"post_tag","embeddable":true,"href":"https:\/\/blog.uclm.es\/archivoartea\/wp-json\/wp\/v2\/tags?post=14066"}],"curies":[{"name":"wp","href":"https:\/\/api.w.org\/{rel}","templated":true}]}}