{"id":14063,"date":"2001-01-09T20:49:00","date_gmt":"2001-01-09T19:49:00","guid":{"rendered":"https:\/\/blog.uclm.es\/archivoartea\/?p=14063"},"modified":"2026-04-26T20:52:30","modified_gmt":"2026-04-26T18:52:30","slug":"rafael-lamata","status":"publish","type":"post","link":"https:\/\/blog.uclm.es\/archivoartea\/2001\/01\/09\/rafael-lamata\/","title":{"rendered":"Rafael Lamata"},"content":{"rendered":"\n<p>Valencia 1959. <\/p>\n\n\n\n<p>Actor e integrante de <a href=\"https:\/\/blog.uclm.es\/archivoartea\/2001\/01\/09\/los-torreznos\/\" data-type=\"post\" data-id=\"3319\">Los Torreznos<\/a><\/p>\n\n\n\n<figure class=\"wp-block-image size-full\"><img loading=\"lazy\" decoding=\"async\" width=\"700\" height=\"441\" src=\"https:\/\/blog.uclm.es\/archivoartea\/wp-content\/uploads\/sites\/323\/2026\/04\/Rafael-Lamata-Cotanda.jpg\" alt=\"\" class=\"wp-image-14064\" srcset=\"https:\/\/blog.uclm.es\/archivoartea\/wp-content\/uploads\/sites\/323\/2026\/04\/Rafael-Lamata-Cotanda.jpg 700w, https:\/\/blog.uclm.es\/archivoartea\/wp-content\/uploads\/sites\/323\/2026\/04\/Rafael-Lamata-Cotanda-300x189.jpg 300w\" sizes=\"auto, (max-width: 700px) 100vw, 700px\" \/><\/figure>\n\n\n\n<p>Licenciado en Ciencias de la Educaci\u00f3n. Taller de Arte Actual con Isidoro Valc\u00e1rcel Medina. M\u00e1ster en Est\u00e9tica y Teor\u00eda de las Artes de la UAM.<\/p>\n\n\n\n<p>La investigaci\u00f3n creativa, a trav\u00e9s de performances, instalaciones, textos y talleres, atraviesa su actividad individual y grupal hasta la actualidad.<\/p>\n\n\n\n<p>El inter\u00e9s en entender el proceso creativo como di\u00e1logo, recorre toda su trayectoria: Primero en el teatro (la cooperativa Ivanov, los Grupos Teatro Nuevo Nueve y Teatro del Final). Luego afin\u00f3 sus planteamientos al \u00e1mbito performativo y &nbsp;con Alejandro Mart\u00ednez Parra, crearon La Constructora. A partir de ese paso form\u00f3 parte del Colectivo A UA CRAG donde inici\u00f3 sus proyectos expositivos &nbsp;y de artes visuales. Fund\u00f3 la Revista Caminada en Madrid junto a Miguel Nava Cuervo. Junto con Jaime Vallaure y otros amigos fundaron La Zona de Acci\u00f3n Temporal en Madrid. Un a\u00f1o m\u00e1s tarde crearon el Circo Interior Bruto. En ese momento se denominaron Los Torreznos (Jaime Vallaure y Rafael Lamata) que han elaborado m\u00e1s de treinta piezas performativas, y una veintena de piezas de audio y v\u00eddeo hasta la actualidad.<\/p>\n\n\n\n<p>Paralelamente ha trabajado en el \u00e1mbito de la educaci\u00f3n no formal y ha escrito un manual sobre la creatividad en grupos, dos libros acerca de&nbsp; las metodolog\u00edas participativas, dos libros de poemas, una novela y un almanaque del presente.<\/p>\n\n\n\n<p><a href=\"https:\/\/www.rafael-lamata.com\/\" target=\"_blank\" rel=\"noreferrer noopener\">www.rafael-lamata.com<\/a><\/p>\n","protected":false},"excerpt":{"rendered":"<p>Actor e integrante de Los Torreznos. Valencia, 1959<\/p>\n","protected":false},"author":285,"featured_media":14064,"comment_status":"open","ping_status":"open","sticky":false,"template":"","format":"standard","meta":{"footnotes":""},"categories":[71],"tags":[],"class_list":["post-14063","post","type-post","status-publish","format-standard","has-post-thumbnail","hentry","category-artista-artes-vivas"],"_links":{"self":[{"href":"https:\/\/blog.uclm.es\/archivoartea\/wp-json\/wp\/v2\/posts\/14063","targetHints":{"allow":["GET"]}}],"collection":[{"href":"https:\/\/blog.uclm.es\/archivoartea\/wp-json\/wp\/v2\/posts"}],"about":[{"href":"https:\/\/blog.uclm.es\/archivoartea\/wp-json\/wp\/v2\/types\/post"}],"author":[{"embeddable":true,"href":"https:\/\/blog.uclm.es\/archivoartea\/wp-json\/wp\/v2\/users\/285"}],"replies":[{"embeddable":true,"href":"https:\/\/blog.uclm.es\/archivoartea\/wp-json\/wp\/v2\/comments?post=14063"}],"version-history":[{"count":1,"href":"https:\/\/blog.uclm.es\/archivoartea\/wp-json\/wp\/v2\/posts\/14063\/revisions"}],"predecessor-version":[{"id":14065,"href":"https:\/\/blog.uclm.es\/archivoartea\/wp-json\/wp\/v2\/posts\/14063\/revisions\/14065"}],"wp:featuredmedia":[{"embeddable":true,"href":"https:\/\/blog.uclm.es\/archivoartea\/wp-json\/wp\/v2\/media\/14064"}],"wp:attachment":[{"href":"https:\/\/blog.uclm.es\/archivoartea\/wp-json\/wp\/v2\/media?parent=14063"}],"wp:term":[{"taxonomy":"category","embeddable":true,"href":"https:\/\/blog.uclm.es\/archivoartea\/wp-json\/wp\/v2\/categories?post=14063"},{"taxonomy":"post_tag","embeddable":true,"href":"https:\/\/blog.uclm.es\/archivoartea\/wp-json\/wp\/v2\/tags?post=14063"}],"curies":[{"name":"wp","href":"https:\/\/api.w.org\/{rel}","templated":true}]}}