{"id":14058,"date":"2016-07-26T20:46:00","date_gmt":"2016-07-26T18:46:00","guid":{"rendered":"https:\/\/blog.uclm.es\/archivoartea\/?p=14058"},"modified":"2026-04-26T20:48:49","modified_gmt":"2026-04-26T18:48:49","slug":"sabela-mendoza","status":"publish","type":"post","link":"https:\/\/blog.uclm.es\/archivoartea\/2016\/07\/26\/sabela-mendoza\/","title":{"rendered":"Sabela Mendoza"},"content":{"rendered":"\n<p>MPECV. 2015-16<\/p>\n\n\n\n<figure class=\"wp-block-image size-full\"><img loading=\"lazy\" decoding=\"async\" width=\"800\" height=\"533\" src=\"https:\/\/blog.uclm.es\/archivoartea\/wp-content\/uploads\/sites\/323\/2026\/04\/Sabela-Mendoza.jpg\" alt=\"\" class=\"wp-image-14059\" srcset=\"https:\/\/blog.uclm.es\/archivoartea\/wp-content\/uploads\/sites\/323\/2026\/04\/Sabela-Mendoza.jpg 800w, https:\/\/blog.uclm.es\/archivoartea\/wp-content\/uploads\/sites\/323\/2026\/04\/Sabela-Mendoza-300x200.jpg 300w, https:\/\/blog.uclm.es\/archivoartea\/wp-content\/uploads\/sites\/323\/2026\/04\/Sabela-Mendoza-768x512.jpg 768w\" sizes=\"auto, (max-width: 800px) 100vw, 800px\" \/><\/figure>\n\n\n\n<p><strong>Sabela Mendoza Fern\u00e1ndez.&nbsp;<\/strong>(Santiago de Compostela, 1984). Investigadora, creadora y gestora cultural independiente, especializada en danza y artes performativas. Soy fundadora de \u2018<a href=\"http:\/\/decorpospresentes.gal\/\">De corpos presentes<\/a>\u2019, plataforma gallega para las artes performativas contempor\u00e1neas y co-responsable del proyecto de mediaci\u00f3n \u2018<a href=\"https:\/\/www.escenaplural.gal\/\">Cara a unha escena plural<\/a>\u2019. Colaboro con el core\u00f3grafo&nbsp;<a href=\"http:\/\/www.javiermartin.gal\/artesdelmovimiento\/javiermartin.html\">Javier Mart\u00edn<\/a>&nbsp;desde la producci\u00f3n y el acompa\u00f1amiento art\u00edstico. Escribo y hablo sobre danza en mi blog&nbsp;<a href=\"http:\/\/acuerpodebaile.com\/\">acuerpodebaile.com<\/a>&nbsp;y en otros medios y publicaciones y soy vicepresidenta de la asociaci\u00f3n&nbsp;<a href=\"https:\/\/emprendodanza.feced.org\/\">Emprendo Danza<\/a>. He trabajado como curadora, asesora o gestora para Hablar en Arte, Teatro Pradillo, Colectivo RPM, Consultarte, TenerifeLAV, Proxecta o Curtocircu\u00edto. Me licenci\u00e9 en Derecho (Universidad de Vigo), curs\u00e9 un M\u00e1ster en Gesti\u00f3n Cultural (UC3M) y un M\u00e1ster en Pr\u00e1ctica Esc\u00e9nica y Cultura Visual (Artea \u2013 Universidad de Castilla La Mancha). Me form\u00e9 en danza y artes del movimiento y en 2016 estren\u00e9 la performance&nbsp;<a href=\"https:\/\/estraperlo.gal\/es\/estraperlo-es\/el-publico-esta-aqui\/\">\u201cEl p\u00fablico est\u00e1 aqu\u00ed\u201d<\/a>, publicada como libro por la ed. Estraperlo en 2019. En 2020 present\u00e9 la performance de larga duraci\u00f3n \u201c<a href=\"https:\/\/vimeo.com\/500072561\">Dedicatoria<\/a>\u201d en colaboraci\u00f3n con la poeta Nieves Neira, y en 2022 \u201c<a href=\"https:\/\/vimeo.com\/800147743\">Dobrez<\/a>\u201d con el acompa\u00f1amiento de Helena Salgueiro. En los \u00faltimos a\u00f1os he coordinado la edici\u00f3n de varios libros, como el volumen colectivo&nbsp;<a href=\"http:\/\/emprendodanza.feced.org\/2020\/12\/14\/presentamos-el-libro-la-danza-cuenta-reflexiones-en-el-did-2020\/\">\u2018La danza cuenta\u2019<\/a>&nbsp;(2020).&nbsp;&nbsp;&nbsp;<\/p>\n\n\n\n<p><a href=\"http:\/\/linktr.ee\/sabelamendoza\">linktr.ee\/sabelamendoza<\/a>&nbsp;<\/p>\n\n\n\n<p><a href=\"https:\/\/www.instagram.com\/acuerpodebaile\">https:\/\/www.instagram.com\/acuerpodebaile<\/a><\/p>\n\n\n\n<p><a href=\"https:\/\/www.facebook.com\/sabela.m.fernandez\">https:\/\/www.facebook.com\/sabela.m.fernandez<\/a><\/p>\n\n\n\n<p><a href=\"https:\/\/twitter.com\/MendozaSabela\">https:\/\/twitter.com\/MendozaSabela<\/a><\/p>\n","protected":false},"excerpt":{"rendered":"<p>MPECV. 2015-16<\/p>\n","protected":false},"author":285,"featured_media":14059,"comment_status":"open","ping_status":"open","sticky":false,"template":"","format":"standard","meta":{"footnotes":""},"categories":[121],"tags":[],"class_list":["post-14058","post","type-post","status-publish","format-standard","has-post-thumbnail","hentry","category-mpecv"],"_links":{"self":[{"href":"https:\/\/blog.uclm.es\/archivoartea\/wp-json\/wp\/v2\/posts\/14058","targetHints":{"allow":["GET"]}}],"collection":[{"href":"https:\/\/blog.uclm.es\/archivoartea\/wp-json\/wp\/v2\/posts"}],"about":[{"href":"https:\/\/blog.uclm.es\/archivoartea\/wp-json\/wp\/v2\/types\/post"}],"author":[{"embeddable":true,"href":"https:\/\/blog.uclm.es\/archivoartea\/wp-json\/wp\/v2\/users\/285"}],"replies":[{"embeddable":true,"href":"https:\/\/blog.uclm.es\/archivoartea\/wp-json\/wp\/v2\/comments?post=14058"}],"version-history":[{"count":2,"href":"https:\/\/blog.uclm.es\/archivoartea\/wp-json\/wp\/v2\/posts\/14058\/revisions"}],"predecessor-version":[{"id":14062,"href":"https:\/\/blog.uclm.es\/archivoartea\/wp-json\/wp\/v2\/posts\/14058\/revisions\/14062"}],"wp:featuredmedia":[{"embeddable":true,"href":"https:\/\/blog.uclm.es\/archivoartea\/wp-json\/wp\/v2\/media\/14059"}],"wp:attachment":[{"href":"https:\/\/blog.uclm.es\/archivoartea\/wp-json\/wp\/v2\/media?parent=14058"}],"wp:term":[{"taxonomy":"category","embeddable":true,"href":"https:\/\/blog.uclm.es\/archivoartea\/wp-json\/wp\/v2\/categories?post=14058"},{"taxonomy":"post_tag","embeddable":true,"href":"https:\/\/blog.uclm.es\/archivoartea\/wp-json\/wp\/v2\/tags?post=14058"}],"curies":[{"name":"wp","href":"https:\/\/api.w.org\/{rel}","templated":true}]}}