{"id":14047,"date":"2017-07-26T20:37:00","date_gmt":"2017-07-26T18:37:00","guid":{"rendered":"https:\/\/blog.uclm.es\/archivoartea\/?p=14047"},"modified":"2026-04-26T20:39:22","modified_gmt":"2026-04-26T18:39:22","slug":"sofia-freitas","status":"publish","type":"post","link":"https:\/\/blog.uclm.es\/archivoartea\/2017\/07\/26\/sofia-freitas\/","title":{"rendered":"Sof\u00eda Freitas"},"content":{"rendered":"\n<p>MPECV. 2016-17<\/p>\n\n\n\n<figure class=\"wp-block-image size-full\"><img loading=\"lazy\" decoding=\"async\" width=\"800\" height=\"800\" src=\"https:\/\/blog.uclm.es\/archivoartea\/wp-content\/uploads\/sites\/323\/2026\/04\/Sofia-Freitas.jpg\" alt=\"\" class=\"wp-image-14048\" srcset=\"https:\/\/blog.uclm.es\/archivoartea\/wp-content\/uploads\/sites\/323\/2026\/04\/Sofia-Freitas.jpg 800w, https:\/\/blog.uclm.es\/archivoartea\/wp-content\/uploads\/sites\/323\/2026\/04\/Sofia-Freitas-300x300.jpg 300w, https:\/\/blog.uclm.es\/archivoartea\/wp-content\/uploads\/sites\/323\/2026\/04\/Sofia-Freitas-150x150.jpg 150w, https:\/\/blog.uclm.es\/archivoartea\/wp-content\/uploads\/sites\/323\/2026\/04\/Sofia-Freitas-768x768.jpg 768w\" sizes=\"auto, (max-width: 800px) 100vw, 800px\" \/><\/figure>\n\n\n\n<p>Sofia es una artiste. No se define por ninguna disciplina por le gustar no respetar las reglas del mercado del arte. No es as\u00ed que cree que el arte opera. Sofia (sin acento porque es un nombre portugu\u00e9s) tampoco crea experiencias esc\u00e9nicas con base en la forma si no por el contenido . Su b\u00fasqueda en los \u00faltimos a\u00f1os ha sido sobre memoria e identidad. Actualmente desarolla su proyecto \u201c(Qu)ilh\u00f3metros\u201d que habla de la revuelta de Madeira, las isla donde naci\u00f3. Esta necesidad pol\u00edtica, una vez que es anticonstitucional en Portugal incluir en el programa del ense\u00f1o b\u00e1sico la hist\u00f3ria local, por ser considerado un movimiento independentista, pero el objectivo de la artista es buscar la belleza de esta exposici\u00f3n y no solo su visi\u00f3n pol\u00edtica.<\/p>\n\n\n\n<p>De sus estudios se puede entender que esta visi\u00f3n tiene influencias de las licenciaturas que ha hecho en Estudios<br>Art\u00edsticos, artes esc\u00e9nicas en FLUL (2011), en Teatro, actores en ESTC (2014) y en el Master de Pr\u00e1cticas Esc\u00e9nicas y Cultura Visual en UCLM e Artea (2017). Particip\u00f3 de v\u00e1rios talleres de movimiento con: Tamara Cubas, Vera Mantero, Sofia Dias&amp;V\u00edtor Roriz, V\u00e2nia Rovisco y Makiko Tominaga<\/p>\n\n\n\n<p>De cine con: Jo\u00e3o Cayatte y Sarah Teper<\/p>\n\n\n\n<p>De teatro con: Jo\u00e3o Brites, Miguel Loureiro y Carlos Nicolau Antunes<\/p>\n\n\n\n<p>De m\u00fasica con: Horacio Lopez&amp;Carla Fonseca<\/p>\n\n\n\n<p>Colabor\u00f3 con les artistas: H\u00e1.Que.Diz\u00ea.Lo, Medalha D\u2019ouro, Cuqui Jerez, Luis Moreno Zamorano, Sayaka Akitsu, Um Coletivo, Teatro C\u00e3o Solteiro, Besti\u00e1rio, Varazim Teatro, Bernardo Chatillon, Z\u00e9 Bernardino, Beatriz Carretas, Ricardo Caba\u00e7a y Miguel Ribeiro.<\/p>\n\n\n\n<p>Sus creaciones: Arraial A-Real (2014), O meu cora\u00e7\u00e3o n\u00e3o reconhece a palavra desconstru\u00e7\u00e3o (2015), Why do the birds go on singing (2019) y Nenhum Percurso (2022).<\/p>\n\n\n\n<p><a href=\"http:\/\/www.sofiafreitasabreu.wordpress.com\/\">www.sofiafreitasabreu.wordpress.com<\/a><\/p>\n","protected":false},"excerpt":{"rendered":"<p>MPECV. 2016-17<\/p>\n","protected":false},"author":285,"featured_media":14048,"comment_status":"open","ping_status":"open","sticky":false,"template":"","format":"standard","meta":{"footnotes":""},"categories":[121],"tags":[],"class_list":["post-14047","post","type-post","status-publish","format-standard","has-post-thumbnail","hentry","category-mpecv"],"_links":{"self":[{"href":"https:\/\/blog.uclm.es\/archivoartea\/wp-json\/wp\/v2\/posts\/14047","targetHints":{"allow":["GET"]}}],"collection":[{"href":"https:\/\/blog.uclm.es\/archivoartea\/wp-json\/wp\/v2\/posts"}],"about":[{"href":"https:\/\/blog.uclm.es\/archivoartea\/wp-json\/wp\/v2\/types\/post"}],"author":[{"embeddable":true,"href":"https:\/\/blog.uclm.es\/archivoartea\/wp-json\/wp\/v2\/users\/285"}],"replies":[{"embeddable":true,"href":"https:\/\/blog.uclm.es\/archivoartea\/wp-json\/wp\/v2\/comments?post=14047"}],"version-history":[{"count":2,"href":"https:\/\/blog.uclm.es\/archivoartea\/wp-json\/wp\/v2\/posts\/14047\/revisions"}],"predecessor-version":[{"id":14050,"href":"https:\/\/blog.uclm.es\/archivoartea\/wp-json\/wp\/v2\/posts\/14047\/revisions\/14050"}],"wp:featuredmedia":[{"embeddable":true,"href":"https:\/\/blog.uclm.es\/archivoartea\/wp-json\/wp\/v2\/media\/14048"}],"wp:attachment":[{"href":"https:\/\/blog.uclm.es\/archivoartea\/wp-json\/wp\/v2\/media?parent=14047"}],"wp:term":[{"taxonomy":"category","embeddable":true,"href":"https:\/\/blog.uclm.es\/archivoartea\/wp-json\/wp\/v2\/categories?post=14047"},{"taxonomy":"post_tag","embeddable":true,"href":"https:\/\/blog.uclm.es\/archivoartea\/wp-json\/wp\/v2\/tags?post=14047"}],"curies":[{"name":"wp","href":"https:\/\/api.w.org\/{rel}","templated":true}]}}