{"id":14044,"date":"2017-07-26T20:35:00","date_gmt":"2017-07-26T18:35:00","guid":{"rendered":"https:\/\/blog.uclm.es\/archivoartea\/?p=14044"},"modified":"2026-04-26T21:32:47","modified_gmt":"2026-04-26T19:32:47","slug":"talma-salem","status":"publish","type":"post","link":"https:\/\/blog.uclm.es\/archivoartea\/2017\/07\/26\/talma-salem\/","title":{"rendered":"Talma Salem"},"content":{"rendered":"\n<p>MPECV. 2016-17<\/p>\n\n\n\n<figure class=\"wp-block-image size-full\"><img loading=\"lazy\" decoding=\"async\" width=\"800\" height=\"800\" src=\"https:\/\/blog.uclm.es\/archivoartea\/wp-content\/uploads\/sites\/323\/2026\/04\/Talma-Salen.jpg\" alt=\"\" class=\"wp-image-14045\" srcset=\"https:\/\/blog.uclm.es\/archivoartea\/wp-content\/uploads\/sites\/323\/2026\/04\/Talma-Salen.jpg 800w, https:\/\/blog.uclm.es\/archivoartea\/wp-content\/uploads\/sites\/323\/2026\/04\/Talma-Salen-300x300.jpg 300w, https:\/\/blog.uclm.es\/archivoartea\/wp-content\/uploads\/sites\/323\/2026\/04\/Talma-Salen-150x150.jpg 150w, https:\/\/blog.uclm.es\/archivoartea\/wp-content\/uploads\/sites\/323\/2026\/04\/Talma-Salen-768x768.jpg 768w\" sizes=\"auto, (max-width: 800px) 100vw, 800px\" \/><\/figure>\n\n\n\n<p>Talma Salem es artista, madre y gestora cultural. Es brasile\u00f1a radicada en Argentina donde actualmente es docente en la Universidad Provincial de C\u00f3rdoba (UPC) y doctoranda de la&nbsp;<a href=\"https:\/\/artes.unc.edu.ar\/\">Facultad de Artes de la Universidad Nacional de C\u00f3rdoba&nbsp;<\/a>(UNC). Su proyecto de tesis dirigido por la Dra. Ariela Batt\u00e1n Horenstein y co-dirigido por la Dra. Victoria Perez Royo, cuenta con la beca doctoral otorgada por la Secretar\u00eda de Ciencia y T\u00e9cnica (<a href=\"https:\/\/www.unc.edu.ar\/ciencia-y-tecnolog%c3%ada\/\">SeCyT<\/a>-UNC) de esta misma universidad. Es graduada en el Curso de&nbsp;<a href=\"https:\/\/www.pucsp.br\/graduacao\/comunicacao-das-artes-do-corpo\">Comunicaci\u00f3n de las Artes del Cuerpo<\/a>&nbsp;por la Universidad Cat\u00f3lica Pontificia de S\u00e3o Paulo, Brasil y&nbsp;<a href=\"https:\/\/www.museoreinasofia.es\/pedagogias\/centro-de-estudios\/master-practica-escenica-cultura-visual\">M\u00e1ster en Artes Esc\u00e9nicas y Cultura Visual<\/a>&nbsp; por Museo Reina Sof\u00eda y Universidad de Castilla La-Mancha, Espa\u00f1a. Co-dirige junto a Micaela Moreno Magliano el \u00abobservatorio de investigaci\u00f3n en danza\u00bb en la Universidad Provincial de C\u00f3rdoba y el equipo de investigaci\u00f3n \u00abDesde la pr\u00e1ctica\u00bb&nbsp; radicado en el CePIA \u2013 UNC. Integra la Plataforma de Creaci\u00f3n Preludio desde 2018, desarrolla trabajos solos pero tambi\u00e9n colabora con diferentes colectivos y artistas en Argentina, Brasil, B\u00e9lgica y Espa\u00f1a. Le gusta ir despacio, dar el tiempo de cada cosa. Tambi\u00e9n la infusi\u00f3n de hierba buena.&nbsp;<\/p>\n\n\n\n<p><a href=\"http:\/\/www.talmasalem.com\/\">www.talmasalem.com<\/a>&nbsp;&nbsp;&nbsp;&nbsp;&nbsp;&nbsp;&nbsp; \/&nbsp;&nbsp;&nbsp;&nbsp;&nbsp;&nbsp;&nbsp;&nbsp; IG:&nbsp;<a href=\"https:\/\/www.instagram.com\/talsalem\/\">@talsalem<\/a>&nbsp;<\/p>\n","protected":false},"excerpt":{"rendered":"<p>MPECV. 2016-17<\/p>\n","protected":false},"author":285,"featured_media":14045,"comment_status":"open","ping_status":"open","sticky":false,"template":"","format":"standard","meta":{"footnotes":""},"categories":[121],"tags":[],"class_list":["post-14044","post","type-post","status-publish","format-standard","has-post-thumbnail","hentry","category-mpecv"],"_links":{"self":[{"href":"https:\/\/blog.uclm.es\/archivoartea\/wp-json\/wp\/v2\/posts\/14044","targetHints":{"allow":["GET"]}}],"collection":[{"href":"https:\/\/blog.uclm.es\/archivoartea\/wp-json\/wp\/v2\/posts"}],"about":[{"href":"https:\/\/blog.uclm.es\/archivoartea\/wp-json\/wp\/v2\/types\/post"}],"author":[{"embeddable":true,"href":"https:\/\/blog.uclm.es\/archivoartea\/wp-json\/wp\/v2\/users\/285"}],"replies":[{"embeddable":true,"href":"https:\/\/blog.uclm.es\/archivoartea\/wp-json\/wp\/v2\/comments?post=14044"}],"version-history":[{"count":3,"href":"https:\/\/blog.uclm.es\/archivoartea\/wp-json\/wp\/v2\/posts\/14044\/revisions"}],"predecessor-version":[{"id":14094,"href":"https:\/\/blog.uclm.es\/archivoartea\/wp-json\/wp\/v2\/posts\/14044\/revisions\/14094"}],"wp:featuredmedia":[{"embeddable":true,"href":"https:\/\/blog.uclm.es\/archivoartea\/wp-json\/wp\/v2\/media\/14045"}],"wp:attachment":[{"href":"https:\/\/blog.uclm.es\/archivoartea\/wp-json\/wp\/v2\/media?parent=14044"}],"wp:term":[{"taxonomy":"category","embeddable":true,"href":"https:\/\/blog.uclm.es\/archivoartea\/wp-json\/wp\/v2\/categories?post=14044"},{"taxonomy":"post_tag","embeddable":true,"href":"https:\/\/blog.uclm.es\/archivoartea\/wp-json\/wp\/v2\/tags?post=14044"}],"curies":[{"name":"wp","href":"https:\/\/api.w.org\/{rel}","templated":true}]}}