{"id":13954,"date":"2021-05-28T19:24:00","date_gmt":"2021-05-28T17:24:00","guid":{"rendered":"https:\/\/blog.uclm.es\/archivoartea\/?p=13954"},"modified":"2026-04-26T19:30:41","modified_gmt":"2026-04-26T17:30:41","slug":"talking-pictures","status":"publish","type":"post","link":"https:\/\/blog.uclm.es\/archivoartea\/2021\/05\/28\/talking-pictures\/","title":{"rendered":"Talking pictures"},"content":{"rendered":"\n<h4 class=\"wp-block-heading\"><a href=\"https:\/\/blog.uclm.es\/archivoartea\/2014\/04\/26\/silvia-zayas\/\" data-type=\"post\" data-id=\"6539\">Silvia Zayas<\/a> y <a href=\"https:\/\/blog.uclm.es\/archivoartea\/2014\/03\/03\/esperanza-collado\/\" data-type=\"post\" data-id=\"12016\">Esperanza Collado<\/a><\/h4>\n\n\n\n<p>2021<\/p>\n\n\n\n<figure class=\"wp-block-image size-full\"><img loading=\"lazy\" decoding=\"async\" width=\"1031\" height=\"594\" src=\"https:\/\/blog.uclm.es\/archivoartea\/wp-content\/uploads\/sites\/323\/2026\/04\/Talking-pictures-1.jpeg\" alt=\"\" class=\"wp-image-13956\" srcset=\"https:\/\/blog.uclm.es\/archivoartea\/wp-content\/uploads\/sites\/323\/2026\/04\/Talking-pictures-1.jpeg 1031w, https:\/\/blog.uclm.es\/archivoartea\/wp-content\/uploads\/sites\/323\/2026\/04\/Talking-pictures-1-300x173.jpeg 300w, https:\/\/blog.uclm.es\/archivoartea\/wp-content\/uploads\/sites\/323\/2026\/04\/Talking-pictures-1-768x442.jpeg 768w\" sizes=\"auto, (max-width: 1031px) 100vw, 1031px\" \/><\/figure>\n\n\n\n<p>Partiendo de la experiencia (meta)cinematogr\u00e1fica desarrollada durante su residencia en Matadero Madrid, las artistas crean en directo una pel\u00edcula sin pel\u00edcula, en la que la audiencia asume el rol de proyeccionista. A trav\u00e9s de una serie de recorridos-secuencia por antiguos cines en desuso de distintos barrios de Madrid, la obra construye un remontaje de acciones, conversaciones y afectos. Al interrogar las relaciones entre lenguaje, cine y el acto de caminar como pr\u00e1ctica art\u00edstica,&nbsp;<em>Talking Pictures<\/em>&nbsp;despliega una exploraci\u00f3n de las dimensiones performativas y orales del cine, expandiendo sus posibilidades m\u00e1s all\u00e1 de la imagen.&nbsp;<\/p>\n\n\n\n<figure class=\"wp-block-image size-full\"><img loading=\"lazy\" decoding=\"async\" width=\"1920\" height=\"1080\" src=\"https:\/\/blog.uclm.es\/archivoartea\/wp-content\/uploads\/sites\/323\/2026\/04\/Talking-pictures.jpeg\" alt=\"\" class=\"wp-image-13955\" srcset=\"https:\/\/blog.uclm.es\/archivoartea\/wp-content\/uploads\/sites\/323\/2026\/04\/Talking-pictures.jpeg 1920w, https:\/\/blog.uclm.es\/archivoartea\/wp-content\/uploads\/sites\/323\/2026\/04\/Talking-pictures-300x169.jpeg 300w, https:\/\/blog.uclm.es\/archivoartea\/wp-content\/uploads\/sites\/323\/2026\/04\/Talking-pictures-768x432.jpeg 768w, https:\/\/blog.uclm.es\/archivoartea\/wp-content\/uploads\/sites\/323\/2026\/04\/Talking-pictures-1536x864.jpeg 1536w\" sizes=\"auto, (max-width: 1920px) 100vw, 1920px\" \/><\/figure>\n\n\n\n<p><\/p>\n\n\n\n<p><\/p>\n","protected":false},"excerpt":{"rendered":"<p>Silvia Zayas y Esperanza Collado. 2021. Conferencia performativa. Cine hablado<\/p>\n","protected":false},"author":285,"featured_media":13956,"comment_status":"open","ping_status":"open","sticky":false,"template":"","format":"standard","meta":{"footnotes":""},"categories":[509,28],"tags":[289,507,532],"class_list":["post-13954","post","type-post","status-publish","format-standard","has-post-thumbnail","hentry","category-2024-experimenta","category-obra","tag-cine-expandido","tag-conferencia-performativa","tag-paracinema"],"_links":{"self":[{"href":"https:\/\/blog.uclm.es\/archivoartea\/wp-json\/wp\/v2\/posts\/13954","targetHints":{"allow":["GET"]}}],"collection":[{"href":"https:\/\/blog.uclm.es\/archivoartea\/wp-json\/wp\/v2\/posts"}],"about":[{"href":"https:\/\/blog.uclm.es\/archivoartea\/wp-json\/wp\/v2\/types\/post"}],"author":[{"embeddable":true,"href":"https:\/\/blog.uclm.es\/archivoartea\/wp-json\/wp\/v2\/users\/285"}],"replies":[{"embeddable":true,"href":"https:\/\/blog.uclm.es\/archivoartea\/wp-json\/wp\/v2\/comments?post=13954"}],"version-history":[{"count":3,"href":"https:\/\/blog.uclm.es\/archivoartea\/wp-json\/wp\/v2\/posts\/13954\/revisions"}],"predecessor-version":[{"id":13963,"href":"https:\/\/blog.uclm.es\/archivoartea\/wp-json\/wp\/v2\/posts\/13954\/revisions\/13963"}],"wp:featuredmedia":[{"embeddable":true,"href":"https:\/\/blog.uclm.es\/archivoartea\/wp-json\/wp\/v2\/media\/13956"}],"wp:attachment":[{"href":"https:\/\/blog.uclm.es\/archivoartea\/wp-json\/wp\/v2\/media?parent=13954"}],"wp:term":[{"taxonomy":"category","embeddable":true,"href":"https:\/\/blog.uclm.es\/archivoartea\/wp-json\/wp\/v2\/categories?post=13954"},{"taxonomy":"post_tag","embeddable":true,"href":"https:\/\/blog.uclm.es\/archivoartea\/wp-json\/wp\/v2\/tags?post=13954"}],"curies":[{"name":"wp","href":"https:\/\/api.w.org\/{rel}","templated":true}]}}