{"id":13949,"date":"2023-03-26T19:13:00","date_gmt":"2023-03-26T17:13:00","guid":{"rendered":"https:\/\/blog.uclm.es\/archivoartea\/?p=13949"},"modified":"2026-04-26T19:20:17","modified_gmt":"2026-04-26T17:20:17","slug":"tragame-nube","status":"publish","type":"post","link":"https:\/\/blog.uclm.es\/archivoartea\/2023\/03\/26\/tragame-nube\/","title":{"rendered":"Tr\u00e1game nube"},"content":{"rendered":"\n<h3 class=\"wp-block-heading\">(el cuerpo establece el ritmo)<\/h3>\n\n\n\n<h4 class=\"wp-block-heading\"><a href=\"https:\/\/blog.uclm.es\/archivoartea\/2014\/03\/03\/esperanza-collado\/\" data-type=\"post\" data-id=\"12016\">Esperanza Collado<\/a><\/h4>\n\n\n\n<p>2023<\/p>\n\n\n\n<figure class=\"wp-block-image size-full\"><img loading=\"lazy\" decoding=\"async\" width=\"1089\" height=\"783\" src=\"https:\/\/blog.uclm.es\/archivoartea\/wp-content\/uploads\/sites\/323\/2026\/04\/AVAE.-Palabras.-Esperanza-Collado.-2023.-Tragame-nube-copia.jpeg\" alt=\"\" class=\"wp-image-11954\" srcset=\"https:\/\/blog.uclm.es\/archivoartea\/wp-content\/uploads\/sites\/323\/2026\/04\/AVAE.-Palabras.-Esperanza-Collado.-2023.-Tragame-nube-copia.jpeg 1089w, https:\/\/blog.uclm.es\/archivoartea\/wp-content\/uploads\/sites\/323\/2026\/04\/AVAE.-Palabras.-Esperanza-Collado.-2023.-Tragame-nube-copia-300x216.jpeg 300w, https:\/\/blog.uclm.es\/archivoartea\/wp-content\/uploads\/sites\/323\/2026\/04\/AVAE.-Palabras.-Esperanza-Collado.-2023.-Tragame-nube-copia-768x552.jpeg 768w\" sizes=\"auto, (max-width: 1089px) 100vw, 1089px\" \/><figcaption class=\"wp-element-caption\"> <\/figcaption><\/figure>\n\n\n\n<ul class=\"wp-block-list\">\n<li>Instalaci\u00f3n f\u00edlmica<\/li>\n\n\n\n<li>2 pel\u00edculas en loop (16mm, 12:40 mins cada, color b\/n, muda), pantalla suspendida\u00a0<\/li>\n\n\n\n<li>Filmado con\u00a0<a href=\"https:\/\/brunodelgadoramo.com\/\" target=\"_blank\" rel=\"noreferrer noopener\">Bruno Delgado Ramo<\/a>. Con la intervenci\u00f3n de <a href=\"https:\/\/paulaguerrero.net\/\" target=\"_blank\" rel=\"noreferrer noopener\">Paula Guerrero<\/a><\/li>\n\n\n\n<li>Una obra comisionada para la exposici\u00f3n\u00a0<a href=\"https:\/\/movingimage.org\/event\/cinema-of-sensations\/\" target=\"_blank\" rel=\"noreferrer noopener\"><em>Cinema of Sensations: the Neverending Screen of Val del Omar<\/em><\/a>\u00a0(Marzo \u2014 Octubre 2023), comisariado por Almudena Escobar, Museum of the Moving Image, New York\u00a0<\/li>\n\n\n\n<li>Agradecimientos: Archivo Val del Omar<\/li>\n<\/ul>\n\n\n\n<p>Tr\u00e1game nube es una instalaci\u00f3n f\u00edlmica concebida para desplegarse en ambas caras de una misma pantalla, desdoblando la experiencia cinematogr\u00e1fica en un espacio de percepci\u00f3n expandida. A partir de un montaje dial\u00e9ctico de im\u00e1genes en 16mm, la pieza disloca la frontalidad del cine tradicional e implica a la espectadora en un movimiento circular, invit\u00e1ndola a recorrer f\u00edsicamente la proyecci\u00f3n. Inspirada en las ideas de Val del Omar sobre cine y percepci\u00f3n, Tr\u00e1game nube desmonta la unicidad del punto de vista de la c\u00e1mara y el proyector, proponiendo una experiencia envolvente donde la imagen se vuelve t\u00e1ctil y el tiempo f\u00edlmico se pliega sobre s\u00ed mismo. A trav\u00e9s de este dispositivo, la obra indaga en la materialidad del cine, su espacializaci\u00f3n y su potencial para reformular la relaci\u00f3n entre imagen, espectadora y arquitectura de la proyecci\u00f3n. Tr\u00e1game nube es un encargo del Museum of the Moving Image (NY) para la exposici\u00f3n Cinema of Sensations: the Overflowing of Val del Omar (2023).<\/p>\n\n\n\n<figure class=\"wp-block-gallery has-nested-images columns-default is-cropped wp-block-gallery-1 is-layout-flex wp-block-gallery-is-layout-flex\">\n<figure class=\"wp-block-image size-large\"><img loading=\"lazy\" decoding=\"async\" width=\"1965\" height=\"1416\" data-id=\"11958\" src=\"https:\/\/blog.uclm.es\/archivoartea\/wp-content\/uploads\/sites\/323\/2026\/04\/AVAE.-Textos.-Esperanza-Collado.-Tragame-nube.jpeg\" alt=\"\" class=\"wp-image-11958\" srcset=\"https:\/\/blog.uclm.es\/archivoartea\/wp-content\/uploads\/sites\/323\/2026\/04\/AVAE.-Textos.-Esperanza-Collado.-Tragame-nube.jpeg 1965w, https:\/\/blog.uclm.es\/archivoartea\/wp-content\/uploads\/sites\/323\/2026\/04\/AVAE.-Textos.-Esperanza-Collado.-Tragame-nube-300x216.jpeg 300w, https:\/\/blog.uclm.es\/archivoartea\/wp-content\/uploads\/sites\/323\/2026\/04\/AVAE.-Textos.-Esperanza-Collado.-Tragame-nube-768x553.jpeg 768w, https:\/\/blog.uclm.es\/archivoartea\/wp-content\/uploads\/sites\/323\/2026\/04\/AVAE.-Textos.-Esperanza-Collado.-Tragame-nube-1536x1107.jpeg 1536w\" sizes=\"auto, (max-width: 1965px) 100vw, 1965px\" \/><\/figure>\n\n\n\n<figure class=\"wp-block-image size-large\"><img loading=\"lazy\" decoding=\"async\" width=\"1963\" height=\"1401\" data-id=\"11890\" src=\"https:\/\/blog.uclm.es\/archivoartea\/wp-content\/uploads\/sites\/323\/2026\/04\/Esperanza-Collado.-2023.-Tragame-nube.jpeg\" alt=\"\" class=\"wp-image-11890\" srcset=\"https:\/\/blog.uclm.es\/archivoartea\/wp-content\/uploads\/sites\/323\/2026\/04\/Esperanza-Collado.-2023.-Tragame-nube.jpeg 1963w, https:\/\/blog.uclm.es\/archivoartea\/wp-content\/uploads\/sites\/323\/2026\/04\/Esperanza-Collado.-2023.-Tragame-nube-300x214.jpeg 300w, https:\/\/blog.uclm.es\/archivoartea\/wp-content\/uploads\/sites\/323\/2026\/04\/Esperanza-Collado.-2023.-Tragame-nube-768x548.jpeg 768w, https:\/\/blog.uclm.es\/archivoartea\/wp-content\/uploads\/sites\/323\/2026\/04\/Esperanza-Collado.-2023.-Tragame-nube-1536x1096.jpeg 1536w\" sizes=\"auto, (max-width: 1963px) 100vw, 1963px\" \/><\/figure>\n<\/figure>\n","protected":false},"excerpt":{"rendered":"<p>Esperanza Collado. 2023. Instalaci\u00f3n f\u00edlmica<\/p>\n","protected":false},"author":285,"featured_media":11954,"comment_status":"open","ping_status":"open","sticky":false,"template":"","format":"standard","meta":{"footnotes":""},"categories":[509,28],"tags":[289,532],"class_list":["post-13949","post","type-post","status-publish","format-standard","has-post-thumbnail","hentry","category-2024-experimenta","category-obra","tag-cine-expandido","tag-paracinema"],"_links":{"self":[{"href":"https:\/\/blog.uclm.es\/archivoartea\/wp-json\/wp\/v2\/posts\/13949","targetHints":{"allow":["GET"]}}],"collection":[{"href":"https:\/\/blog.uclm.es\/archivoartea\/wp-json\/wp\/v2\/posts"}],"about":[{"href":"https:\/\/blog.uclm.es\/archivoartea\/wp-json\/wp\/v2\/types\/post"}],"author":[{"embeddable":true,"href":"https:\/\/blog.uclm.es\/archivoartea\/wp-json\/wp\/v2\/users\/285"}],"replies":[{"embeddable":true,"href":"https:\/\/blog.uclm.es\/archivoartea\/wp-json\/wp\/v2\/comments?post=13949"}],"version-history":[{"count":3,"href":"https:\/\/blog.uclm.es\/archivoartea\/wp-json\/wp\/v2\/posts\/13949\/revisions"}],"predecessor-version":[{"id":13952,"href":"https:\/\/blog.uclm.es\/archivoartea\/wp-json\/wp\/v2\/posts\/13949\/revisions\/13952"}],"wp:featuredmedia":[{"embeddable":true,"href":"https:\/\/blog.uclm.es\/archivoartea\/wp-json\/wp\/v2\/media\/11954"}],"wp:attachment":[{"href":"https:\/\/blog.uclm.es\/archivoartea\/wp-json\/wp\/v2\/media?parent=13949"}],"wp:term":[{"taxonomy":"category","embeddable":true,"href":"https:\/\/blog.uclm.es\/archivoartea\/wp-json\/wp\/v2\/categories?post=13949"},{"taxonomy":"post_tag","embeddable":true,"href":"https:\/\/blog.uclm.es\/archivoartea\/wp-json\/wp\/v2\/tags?post=13949"}],"curies":[{"name":"wp","href":"https:\/\/api.w.org\/{rel}","templated":true}]}}