{"id":13910,"date":"2025-04-22T18:30:00","date_gmt":"2025-04-22T16:30:00","guid":{"rendered":"https:\/\/blog.uclm.es\/archivoartea\/?p=13910"},"modified":"2026-04-26T18:31:43","modified_gmt":"2026-04-26T16:31:43","slug":"comencemos-leyendo-el-rio-que-nos-lleva","status":"publish","type":"post","link":"https:\/\/blog.uclm.es\/archivoartea\/2025\/04\/22\/comencemos-leyendo-el-rio-que-nos-lleva\/","title":{"rendered":"Comencemos leyendo el r\u00edo que nos lleva"},"content":{"rendered":"\n<h1 class=\"wp-block-heading\"><\/h1>\n\n\n\n<h4 class=\"wp-block-heading\"><a href=\"https:\/\/blog.uclm.es\/archivoartea\/2016\/04\/04\/raul-hidalgo\/\" data-type=\"post\" data-id=\"12020\">Ra\u00fal Hidalgo<\/a><\/h4>\n\n\n\n<p>2025<\/p>\n\n\n\n<figure class=\"wp-block-image size-full\"><img loading=\"lazy\" decoding=\"async\" width=\"946\" height=\"580\" src=\"https:\/\/blog.uclm.es\/archivoartea\/wp-content\/uploads\/sites\/323\/2026\/04\/Raul-Hidalgo.-Maderada-en-el-desembarcadero-de-El-Sargal-Cuenca.-Raul.jpeg\" alt=\"\" class=\"wp-image-13911\" srcset=\"https:\/\/blog.uclm.es\/archivoartea\/wp-content\/uploads\/sites\/323\/2026\/04\/Raul-Hidalgo.-Maderada-en-el-desembarcadero-de-El-Sargal-Cuenca.-Raul.jpeg 946w, https:\/\/blog.uclm.es\/archivoartea\/wp-content\/uploads\/sites\/323\/2026\/04\/Raul-Hidalgo.-Maderada-en-el-desembarcadero-de-El-Sargal-Cuenca.-Raul-300x184.jpeg 300w, https:\/\/blog.uclm.es\/archivoartea\/wp-content\/uploads\/sites\/323\/2026\/04\/Raul-Hidalgo.-Maderada-en-el-desembarcadero-de-El-Sargal-Cuenca.-Raul-768x471.jpeg 768w\" sizes=\"auto, (max-width: 946px) 100vw, 946px\" \/><figcaption class=\"wp-element-caption\">Maderada en el desembarcadero de El Sargal Cuenca<\/figcaption><\/figure>\n\n\n\n<p>Acci\u00f3n participativa presentada en\u00a0<a href=\"https:\/\/blog.uclm.es\/artea\/2025\/02\/17\/experimenta-seminario-de-investigacion-2025\/\">Experimenta: I Seminario de investigaci\u00f3n<\/a>. 23 de abril. R\u00edo J\u00facar, Cuenca.<\/p>\n\n\n\n<blockquote class=\"wp-block-quote is-layout-flow wp-block-quote-is-layout-flow\">\n<p>\u201cTodo estaba dispuesto, aunque nadie lo supiera porque la vida no avisa. A veces se divierte soplando en sus trompetas para nada; otras, en cambio, su corriente re\u00fane a la callada ciertos seres y cosas, y deja que pase lo que tiene que pasar. S\u00f3lo mucho despu\u00e9s se reconoce lo decisivo de cierta circunstancia, de tal gesto.\u201d Jos\u00e9 Lu\u00eds Sampedro&nbsp;<\/p>\n<\/blockquote>\n\n\n\n<p><\/p>\n","protected":false},"excerpt":{"rendered":"<p>Ra\u00fal Hidalgo. 2025. Acci\u00f3n participativa. <\/p>\n","protected":false},"author":285,"featured_media":13911,"comment_status":"open","ping_status":"open","sticky":false,"template":"","format":"standard","meta":{"footnotes":""},"categories":[509,28],"tags":[],"class_list":["post-13910","post","type-post","status-publish","format-standard","has-post-thumbnail","hentry","category-2024-experimenta","category-obra"],"_links":{"self":[{"href":"https:\/\/blog.uclm.es\/archivoartea\/wp-json\/wp\/v2\/posts\/13910","targetHints":{"allow":["GET"]}}],"collection":[{"href":"https:\/\/blog.uclm.es\/archivoartea\/wp-json\/wp\/v2\/posts"}],"about":[{"href":"https:\/\/blog.uclm.es\/archivoartea\/wp-json\/wp\/v2\/types\/post"}],"author":[{"embeddable":true,"href":"https:\/\/blog.uclm.es\/archivoartea\/wp-json\/wp\/v2\/users\/285"}],"replies":[{"embeddable":true,"href":"https:\/\/blog.uclm.es\/archivoartea\/wp-json\/wp\/v2\/comments?post=13910"}],"version-history":[{"count":4,"href":"https:\/\/blog.uclm.es\/archivoartea\/wp-json\/wp\/v2\/posts\/13910\/revisions"}],"predecessor-version":[{"id":13915,"href":"https:\/\/blog.uclm.es\/archivoartea\/wp-json\/wp\/v2\/posts\/13910\/revisions\/13915"}],"wp:featuredmedia":[{"embeddable":true,"href":"https:\/\/blog.uclm.es\/archivoartea\/wp-json\/wp\/v2\/media\/13911"}],"wp:attachment":[{"href":"https:\/\/blog.uclm.es\/archivoartea\/wp-json\/wp\/v2\/media?parent=13910"}],"wp:term":[{"taxonomy":"category","embeddable":true,"href":"https:\/\/blog.uclm.es\/archivoartea\/wp-json\/wp\/v2\/categories?post=13910"},{"taxonomy":"post_tag","embeddable":true,"href":"https:\/\/blog.uclm.es\/archivoartea\/wp-json\/wp\/v2\/tags?post=13910"}],"curies":[{"name":"wp","href":"https:\/\/api.w.org\/{rel}","templated":true}]}}