{"id":13711,"date":"2025-09-04T21:19:00","date_gmt":"2025-09-04T19:19:00","guid":{"rendered":"https:\/\/blog.uclm.es\/archivoartea\/?p=13711"},"modified":"2026-04-25T21:27:49","modified_gmt":"2026-04-25T19:27:49","slug":"plebeya","status":"publish","type":"post","link":"https:\/\/blog.uclm.es\/archivoartea\/2025\/09\/04\/plebeya\/","title":{"rendered":"Plebeya"},"content":{"rendered":"\n<p><strong>escuela de verano del grupo de investigaci\u00f3n en artes vivas y pr\u00e1cticas expandidas Experimenta \u00b7 Azala espacio de creaci\u00f3n \u00b7 20\/8-5\/9\/02<\/strong><\/p>\n\n\n\n<figure class=\"wp-block-image size-full\"><img loading=\"lazy\" decoding=\"async\" width=\"827\" height=\"1169\" src=\"https:\/\/blog.uclm.es\/archivoartea\/wp-content\/uploads\/sites\/323\/2026\/04\/2025.08.-Plebeya_Caratula-sin-logos-copia.jpeg\" alt=\"\" class=\"wp-image-13712\" srcset=\"https:\/\/blog.uclm.es\/archivoartea\/wp-content\/uploads\/sites\/323\/2026\/04\/2025.08.-Plebeya_Caratula-sin-logos-copia.jpeg 827w, https:\/\/blog.uclm.es\/archivoartea\/wp-content\/uploads\/sites\/323\/2026\/04\/2025.08.-Plebeya_Caratula-sin-logos-copia-212x300.jpeg 212w, https:\/\/blog.uclm.es\/archivoartea\/wp-content\/uploads\/sites\/323\/2026\/04\/2025.08.-Plebeya_Caratula-sin-logos-copia-768x1086.jpeg 768w\" sizes=\"auto, (max-width: 827px) 100vw, 827px\" \/><\/figure>\n\n\n\n<p>plebeya es el nombre de un programa de estudios en torno a la escritura y la performance imaginado por&nbsp;<a href=\"https:\/\/blog.uclm.es\/artea\/2000\/11\/25\/maria-salgado\/\">Mar\u00eda Salgado<\/a>&nbsp;e&nbsp;<a href=\"https:\/\/blog.uclm.es\/artea\/2000\/11\/18\/idoia-zabaleta\/\">Idoia Zabaleta<\/a>&nbsp;que tendr\u00e1 lugar en el espacio de creaci\u00f3n art\u00edstica&nbsp;<a href=\"https:\/\/www.azala.eus\/\">Azala<\/a>&nbsp;(Lasierra, Vitoria) entre el 20 de agosto y el 5 de septiembre de 025 como parte de las actividades del grupo de investigaci\u00f3n&nbsp;<a href=\"https:\/\/blog.uclm.es\/artea\/2025\/02\/17\/experimenta-seminario-de-investigacion-2025\/\">EXPERIMENTA<\/a><\/p>\n\n\n\n<p>plebeya es tambi\u00e9n el nombre de una serie de intuiciones que quedaron anotadas<a href=\"https:\/\/archivoorsini.com\/2025\/03\/20\/plebeya-proposicion-primera\/%20\">&nbsp;en esta primera proposici\u00f3n<\/a>&nbsp;y que tomar\u00e1n ahora la forma de un seminario intensivo para pensar la escritura en toda su vitalidad y en las varias dimensiones (sonido, gesto, inscripci\u00f3n) de la carne de una lengua en busca de poder vibrar&nbsp;<em>real<\/em><\/p>\n\n\n\n<p>Como escuela de po\u00e9tica del texto y\/en la escena, no se trata en plebeya de ense\u00f1ar un m\u00e9todo, sino de compartir lo que pude aprender a lo largo de los \u00faltimos a\u00f1os en el hacer algunas piezas de lenguaje propias (<em>Salitre, REKORD, Jinete \u00daltimo Reino, Orientada a Stein, Hac\u00eda un ruido<\/em>) y en el pensar sobre el hacer de algunas piezas de arte y poes\u00eda que lograron materializar un sue\u00f1o, un flash y que todav\u00eda hoy nos convocan y provocan una descarga (<em>El momento anal\u00edrico<\/em>,&nbsp;<em>L\u00edrica<\/em>\u2026) Se trata de leer, juntarse y echar rato pensando todo esto del lenguaje en acci\u00f3n en el mundo, aprovechando la lentitud y longitud que el monte y el pleno verano en Azala nos dar\u00e1n.&nbsp;<\/p>\n\n\n\n<p>De d\u00eda se har\u00e1n paseos y caminatas guiadas por<a href=\"https:\/\/archivoartea.uclm.es\/artistas\/idoia-zabaleta\/\">&nbsp;Idoia Zabaleta<\/a>&nbsp;y el seminario de Mar\u00eda Salgado. Los d\u00edas 29 y 30 de agosto las sesiones diurnas las propondr\u00e1 la artista&nbsp;<a href=\"https:\/\/www.museoreinasofia.es\/guia-virtual\/exposiciones\/alejandra-riera\">Alejandra Riera<\/a>, cuyo trabajo de escritura y con la escritura como material, con las plantas y semillas y jardines, y con el mundo y las formas de habitarlo&nbsp;<a href=\"https:\/\/ctxt.es\/es\/20220801\/Culturas\/40550\/maria-salgado-alejandra-riera-reina-sofia-exposicion-jardin-de-mixturas.htm\">es de referencia para plebeya<\/a><\/p>\n\n\n\n<p>De noche habr\u00e1 sesi\u00f3n abierta con performances (<a href=\"https:\/\/bilbaoarte.eus\/project\/m-benito-piriz\/\">M. Benito<\/a>,&nbsp;<a href=\"https:\/\/m-slgd.tumblr.com\/\">Mar\u00eda Salgado<\/a>), lecturas (<a href=\"https:\/\/www.instagram.com\/luzpichelgonzalez\/?g=5\">Luz Pichel<\/a>), concierto (<a href=\"https:\/\/open.spotify.com\/album\/1EmhmHEuOVAE84aNnv4i7b?si=YO62-0_gQqOxj1kV8Cf18g\">Cristina Len<\/a>), pinchadas (<a href=\"https:\/\/www.google.com\/url?sa=t&amp;source=web&amp;rct=j&amp;opi=89978449&amp;url=https:\/\/www.instagram.com\/bihotza_oficial\/%3Fhl%3Des&amp;ved=2ahUKEwjysaT5wfWNAxWVTqQEHSWkPYcQFnoECBcQAQ&amp;usg=AOvVaw3FZiGGEW3X35HlwaUgqCPJ\">Bihozta<\/a>,&nbsp;<a href=\"https:\/\/www.instagram.com\/djmakedamusic\/?hl=es\">Makeda<\/a>,&nbsp;<a href=\"https:\/\/www.instagram.com\/juanita.puniales\/\">Juana Pu\u00f1ales<\/a>) y mesas de conversaci\u00f3n en torno a piezas concretas de lenguaje. De&nbsp;<em>Ubu<\/em>&nbsp;x Kentridge a San Juan de la Cruz, de Lupe G\u00f3mez a Mar\u00edlia Garc\u00eda; cada noche dos invitades nos proponen una obra desde la que generar un pensamiento del mundo y el lenguaje, se responden entre s\u00ed y abren, as\u00ed, la conversaci\u00f3n a quienes quieran unirse a la misma sin necesidad de haber le\u00eddo previamente nada m\u00e1s que esa noche esa pieza o fragmento en concreto.&nbsp;<\/p>\n\n\n\n<p>Lxs tres investigadorxs y componentes de la revista&nbsp;<a href=\"https:\/\/archivoorsini.com\/\">Archivo Orsini<\/a>,&nbsp;<a href=\"https:\/\/gecultec.csic.es\/juan-salas\/\">Juan de Salas<\/a>,&nbsp;<a href=\"https:\/\/www.desmusea.com\/\">Clara Hardinguey<\/a>&nbsp;y&nbsp;<a href=\"https:\/\/jornadasinvertebrados.com\/claudio-hontana-y-juan-de-salas-poeticas-del-arte-terrateniente\/\">Claudio Hontana<\/a>; el editor de&nbsp;<a href=\"https:\/\/kriller71ediciones.com\/\">Kriller 71<\/a>, traductor y poeta&nbsp;<a href=\"https:\/\/kriller71ediciones.com\/\">An\u00edbal Cristobo<\/a>; la poeta y coordinadora de&nbsp;<a href=\"https:\/\/crisicoop.org\/\">Espai Crisi<\/a>&nbsp;<a href=\"https:\/\/www.labellavarsovia.com\/claudia-gonzalez-caparros\/\">Claudia Gonz\u00e1lez Caparr\u00f3s<\/a>; la profesora de Teor\u00eda de la literatura en la UB&nbsp;<a href=\"https:\/\/dialnet.unirioja.es\/servlet\/autor?codigo=46961\">Virginia Trueba<\/a>; el comisario, ensayista e investigador en artes esc\u00e9nicas&nbsp;<a href=\"https:\/\/blog.uclm.es\/joseasanchez\/\">Jos\u00e9 Antonio S\u00e1nchez<\/a>; la artista sonora&nbsp;<a href=\"https:\/\/sarahrasines.com\/\">Sarah Rasines<\/a>; la investigadora en poes\u00eda contempor\u00e1nea&nbsp;<a href=\"https:\/\/andreanavacerrada.tumblr.com\/\">Andrea Navacerrada<\/a>; la poeta Patricia Esteban; la profesora en la facultad de bellas artes de la UCM Selina Blasco; miembrxs activxs y fundantes del core del colectivo&nbsp;<a href=\"https:\/\/seminarioeuraca.wordpress.com\/\">Seminario Euraca&nbsp;<\/a>(<a href=\"https:\/\/docta.ucm.es\/entities\/publication\/989a9e51-0ba5-40d2-9caf-bae257b1ddb5\">P. Esteban,<\/a>&nbsp;Marta F. Salgado, Chus Arellano,&nbsp;<a href=\"https:\/\/ia903108.us.archive.org\/10\/items\/LENGUAJEo_2_2019\/si%20gram%C3%A1tica%20cuando_Repes_y_Perez.pdf\">Beatriz P\u00e9rez Repes<\/a>, S. Blasco,&nbsp;<a href=\"http:\/\/www.larota.es\/autores\/autores\/luz-pichel\">L. Pichel,<\/a>&nbsp;<a href=\"https:\/\/andreanavacerrada.tumblr.com\/\">A. Navacerrada<\/a>); la artista&nbsp;<a href=\"https:\/\/bilbaoarte.eus\/project\/m-benito-piriz\/\">M. Benito<\/a>&nbsp;y el escultor J<a href=\"https:\/\/www.museoreinasofia.es\/multimedia\/agidxen-josu-bilbao\">osu Bilbao&nbsp;<\/a>son les invitades a llevar las sesiones de este programa nocturno p\u00fablico y abierto a cualquiera que quiera acercarse hasta Azala y hacer noche*<\/p>\n\n\n\n<p>La convocatoria del programa diurno, sin embargo, y por cuestiones de log\u00edstica y recursos, solo puede recibir a 12 estudiantes sin m\u00e1s requisito que comprometerse a pasar los quince d\u00edas del programa en Azala y a leer con antelaci\u00f3n los libros y materiales que se trabajar\u00e1n en la escuela (que son bastantes).&nbsp;<br><br>Si quieres participar, escr\u00edbenos un mail cont\u00e1ndonos por qu\u00e9 desear\u00edas venir a un programa con el eje en la escritura y la performance, qu\u00e9 buscas y esperas del mismo y qu\u00e9 cosas haces que lo crucen de alg\u00fan modo &gt; azala@azala.eus &lt; Nuestra selecci\u00f3n de las estudiantes ser\u00e1 lo m\u00e1s honesta posible con lo que podemos ofrecer y con lo que queremos comprometernos a que pase en el programa.<\/p>\n\n\n\n<p>La estancia de 16 noches en habitaci\u00f3n compartida en caba\u00f1as de cuatro personas, con desayuno y comida, tendr\u00e1 un coste de 300 euros por persona (viaje y cenas no incluidos).<\/p>\n\n\n\n<p><a href=\"https:\/\/www.azala.eus\/eventos\/plebeya\/\" target=\"_blank\" rel=\"noreferrer noopener\">Leer m\u00e1s<\/a><\/p>\n\n\n\n<p>programa nocturno*<br>(provisional)<\/p>\n\n\n\n<p>X 20&nbsp;<br>Mar\u00eda Salgado,&nbsp;<em>bald\u00edo dorado<\/em><br><br>J 21&nbsp;<br>Beatriz P. Repes&nbsp;<br>\u00b7 Selina Blasco \u00b7 Patricia Esteban&nbsp;<br>\/ Seminario Euraca<br><br>V 22&nbsp;<br>Chus Arellano&nbsp;<br>\u00b7 Marta F. Salgado \u00b7 Beatriz P. Repes<br>\/ Seminario Euraca<br><br>S 23&nbsp;<br>Sesi\u00f3n de escucha de&nbsp;<em>Archivos de Radio Piedras&nbsp;<\/em><br>Dj Juana Pu\u00f1ales<\/p>\n\n\n\n<p>L25&nbsp;<br>Josu Bilbao&nbsp;<br>\u00b7 Selina Blasco \u00b7 Patricia Esteban<br><br>M 26&nbsp;<br>Andrea Navacerrada \/ SE<br>\u00b7 Sarah Rasines<br><br>X 27&nbsp;<br>Jos\u00e9 Antonio S\u00e1nchez&nbsp;<br>\u00b7 Virginia Trueba<\/p>\n\n\n\n<p>V 29&nbsp;<br>Luz Pichel&nbsp;<br><br>Cristina Len<br><br>S 30&nbsp;<br>Claudia G. Caparr\u00f3s&nbsp;<br>\u00b7 Luz Pichel<br><br>D 31&nbsp;<br>An\u00edbal Cristobo \/ Kriller 71<br>\u00b7 Claudia G Caparr\u00f3s<br><br><br>L 1&nbsp;<br>Juan de Salas \/ Archivo Orsini<br>\u00b7 An\u00edbal Cristobo<br><br>M 2&nbsp;<br>Claudio Hontana \/ Archivo Orsini)<br>\u00b7 M. Benito<br><br>X 3&nbsp;<br>Clara Harguindey \/ Archivo Orsini&nbsp;<br>\u00b7 Andrea Navacerrada<br><br>J 4&nbsp;<br>M. Benito<br><br>Dj Makeda y Dj Bihotza<\/p>\n\n\n\n<hr class=\"wp-block-separator has-alpha-channel-opacity\" \/>\n\n\n\n<p><\/p>\n\n\n\n<p><\/p>\n\n\n\n<p><\/p>\n\n\n\n<figure class=\"wp-block-gallery has-nested-images columns-default is-cropped wp-block-gallery-1 is-layout-flex wp-block-gallery-is-layout-flex\">\n<figure class=\"wp-block-image size-large\"><img loading=\"lazy\" decoding=\"async\" width=\"567\" height=\"427\" data-id=\"13713\" src=\"https:\/\/blog.uclm.es\/archivoartea\/wp-content\/uploads\/sites\/323\/2026\/04\/Plebeya-12.jpeg\" alt=\"\" class=\"wp-image-13713\" srcset=\"https:\/\/blog.uclm.es\/archivoartea\/wp-content\/uploads\/sites\/323\/2026\/04\/Plebeya-12.jpeg 567w, https:\/\/blog.uclm.es\/archivoartea\/wp-content\/uploads\/sites\/323\/2026\/04\/Plebeya-12-300x226.jpeg 300w\" sizes=\"auto, (max-width: 567px) 100vw, 567px\" \/><\/figure>\n\n\n\n<figure class=\"wp-block-image size-large\"><img loading=\"lazy\" decoding=\"async\" width=\"711\" height=\"533\" data-id=\"13718\" src=\"https:\/\/blog.uclm.es\/archivoartea\/wp-content\/uploads\/sites\/323\/2026\/04\/Plebeya-14.jpeg\" alt=\"\" class=\"wp-image-13718\" srcset=\"https:\/\/blog.uclm.es\/archivoartea\/wp-content\/uploads\/sites\/323\/2026\/04\/Plebeya-14.jpeg 711w, https:\/\/blog.uclm.es\/archivoartea\/wp-content\/uploads\/sites\/323\/2026\/04\/Plebeya-14-300x225.jpeg 300w\" sizes=\"auto, (max-width: 711px) 100vw, 711px\" \/><\/figure>\n\n\n\n<figure class=\"wp-block-image size-large\"><img loading=\"lazy\" decoding=\"async\" width=\"711\" height=\"533\" data-id=\"13715\" src=\"https:\/\/blog.uclm.es\/archivoartea\/wp-content\/uploads\/sites\/323\/2026\/04\/Plebeya-15.jpeg\" alt=\"\" class=\"wp-image-13715\" srcset=\"https:\/\/blog.uclm.es\/archivoartea\/wp-content\/uploads\/sites\/323\/2026\/04\/Plebeya-15.jpeg 711w, https:\/\/blog.uclm.es\/archivoartea\/wp-content\/uploads\/sites\/323\/2026\/04\/Plebeya-15-300x225.jpeg 300w\" sizes=\"auto, (max-width: 711px) 100vw, 711px\" \/><\/figure>\n\n\n\n<figure class=\"wp-block-image size-large\"><img loading=\"lazy\" decoding=\"async\" width=\"1067\" height=\"800\" data-id=\"13717\" src=\"https:\/\/blog.uclm.es\/archivoartea\/wp-content\/uploads\/sites\/323\/2026\/04\/Plebeya-17.jpeg\" alt=\"\" class=\"wp-image-13717\" srcset=\"https:\/\/blog.uclm.es\/archivoartea\/wp-content\/uploads\/sites\/323\/2026\/04\/Plebeya-17.jpeg 1067w, https:\/\/blog.uclm.es\/archivoartea\/wp-content\/uploads\/sites\/323\/2026\/04\/Plebeya-17-300x225.jpeg 300w, https:\/\/blog.uclm.es\/archivoartea\/wp-content\/uploads\/sites\/323\/2026\/04\/Plebeya-17-768x576.jpeg 768w\" sizes=\"auto, (max-width: 1067px) 100vw, 1067px\" \/><\/figure>\n\n\n\n<figure class=\"wp-block-image size-large\"><img loading=\"lazy\" decoding=\"async\" width=\"1600\" height=\"1200\" data-id=\"13716\" src=\"https:\/\/blog.uclm.es\/archivoartea\/wp-content\/uploads\/sites\/323\/2026\/04\/Plebeya-16.jpg\" alt=\"\" class=\"wp-image-13716\" srcset=\"https:\/\/blog.uclm.es\/archivoartea\/wp-content\/uploads\/sites\/323\/2026\/04\/Plebeya-16.jpg 1600w, https:\/\/blog.uclm.es\/archivoartea\/wp-content\/uploads\/sites\/323\/2026\/04\/Plebeya-16-300x225.jpg 300w, https:\/\/blog.uclm.es\/archivoartea\/wp-content\/uploads\/sites\/323\/2026\/04\/Plebeya-16-768x576.jpg 768w, https:\/\/blog.uclm.es\/archivoartea\/wp-content\/uploads\/sites\/323\/2026\/04\/Plebeya-16-1536x1152.jpg 1536w\" sizes=\"auto, (max-width: 1600px) 100vw, 1600px\" \/><\/figure>\n\n\n\n<figure class=\"wp-block-image size-large\"><img loading=\"lazy\" decoding=\"async\" width=\"1067\" height=\"800\" data-id=\"13714\" src=\"https:\/\/blog.uclm.es\/archivoartea\/wp-content\/uploads\/sites\/323\/2026\/04\/Plebeya-13.jpeg\" alt=\"\" class=\"wp-image-13714\" srcset=\"https:\/\/blog.uclm.es\/archivoartea\/wp-content\/uploads\/sites\/323\/2026\/04\/Plebeya-13.jpeg 1067w, https:\/\/blog.uclm.es\/archivoartea\/wp-content\/uploads\/sites\/323\/2026\/04\/Plebeya-13-300x225.jpeg 300w, https:\/\/blog.uclm.es\/archivoartea\/wp-content\/uploads\/sites\/323\/2026\/04\/Plebeya-13-768x576.jpeg 768w\" sizes=\"auto, (max-width: 1067px) 100vw, 1067px\" \/><\/figure>\n<\/figure>\n\n\n\n<figure class=\"wp-block-image size-full\"><img loading=\"lazy\" decoding=\"async\" width=\"1080\" height=\"1350\" src=\"https:\/\/blog.uclm.es\/archivoartea\/wp-content\/uploads\/sites\/323\/2025\/09\/Plebeya.-RRSS_43.jpg\" alt=\"\" class=\"wp-image-13720\" srcset=\"https:\/\/blog.uclm.es\/archivoartea\/wp-content\/uploads\/sites\/323\/2025\/09\/Plebeya.-RRSS_43.jpg 1080w, https:\/\/blog.uclm.es\/archivoartea\/wp-content\/uploads\/sites\/323\/2025\/09\/Plebeya.-RRSS_43-240x300.jpg 240w, https:\/\/blog.uclm.es\/archivoartea\/wp-content\/uploads\/sites\/323\/2025\/09\/Plebeya.-RRSS_43-768x960.jpg 768w\" sizes=\"auto, (max-width: 1080px) 100vw, 1080px\" \/><\/figure>\n","protected":false},"excerpt":{"rendered":"<p>Escuela de verano-Azala-Experimenta. Dirigida por Mar\u00eda Salgado. 2025<\/p>\n","protected":false},"author":285,"featured_media":13713,"comment_status":"open","ping_status":"open","sticky":false,"template":"","format":"standard","meta":{"footnotes":""},"categories":[509,458],"tags":[83,510],"class_list":["post-13711","post","type-post","status-publish","format-standard","has-post-thumbnail","hentry","category-2024-experimenta","category-proyectos-artea","tag-escritura","tag-escritura-experimental"],"_links":{"self":[{"href":"https:\/\/blog.uclm.es\/archivoartea\/wp-json\/wp\/v2\/posts\/13711","targetHints":{"allow":["GET"]}}],"collection":[{"href":"https:\/\/blog.uclm.es\/archivoartea\/wp-json\/wp\/v2\/posts"}],"about":[{"href":"https:\/\/blog.uclm.es\/archivoartea\/wp-json\/wp\/v2\/types\/post"}],"author":[{"embeddable":true,"href":"https:\/\/blog.uclm.es\/archivoartea\/wp-json\/wp\/v2\/users\/285"}],"replies":[{"embeddable":true,"href":"https:\/\/blog.uclm.es\/archivoartea\/wp-json\/wp\/v2\/comments?post=13711"}],"version-history":[{"count":3,"href":"https:\/\/blog.uclm.es\/archivoartea\/wp-json\/wp\/v2\/posts\/13711\/revisions"}],"predecessor-version":[{"id":13722,"href":"https:\/\/blog.uclm.es\/archivoartea\/wp-json\/wp\/v2\/posts\/13711\/revisions\/13722"}],"wp:featuredmedia":[{"embeddable":true,"href":"https:\/\/blog.uclm.es\/archivoartea\/wp-json\/wp\/v2\/media\/13713"}],"wp:attachment":[{"href":"https:\/\/blog.uclm.es\/archivoartea\/wp-json\/wp\/v2\/media?parent=13711"}],"wp:term":[{"taxonomy":"category","embeddable":true,"href":"https:\/\/blog.uclm.es\/archivoartea\/wp-json\/wp\/v2\/categories?post=13711"},{"taxonomy":"post_tag","embeddable":true,"href":"https:\/\/blog.uclm.es\/archivoartea\/wp-json\/wp\/v2\/tags?post=13711"}],"curies":[{"name":"wp","href":"https:\/\/api.w.org\/{rel}","templated":true}]}}