{"id":13645,"date":"2021-11-25T18:15:00","date_gmt":"2021-11-25T17:15:00","guid":{"rendered":"https:\/\/blog.uclm.es\/archivoartea\/?p=13645"},"modified":"2026-04-25T19:29:16","modified_gmt":"2026-04-25T17:29:16","slug":"diego-rosental","status":"publish","type":"post","link":"https:\/\/blog.uclm.es\/archivoartea\/2021\/11\/25\/diego-rosental\/","title":{"rendered":"Diego Rosental"},"content":{"rendered":"\n<p>MPECV. 2021<\/p>\n\n\n\n<figure class=\"wp-block-image size-full\"><img loading=\"lazy\" decoding=\"async\" width=\"1144\" height=\"1180\" src=\"https:\/\/blog.uclm.es\/archivoartea\/wp-content\/uploads\/sites\/323\/2026\/04\/Diego-Rosental.png\" alt=\"\" class=\"wp-image-13646\" srcset=\"https:\/\/blog.uclm.es\/archivoartea\/wp-content\/uploads\/sites\/323\/2026\/04\/Diego-Rosental.png 1144w, https:\/\/blog.uclm.es\/archivoartea\/wp-content\/uploads\/sites\/323\/2026\/04\/Diego-Rosental-291x300.png 291w, https:\/\/blog.uclm.es\/archivoartea\/wp-content\/uploads\/sites\/323\/2026\/04\/Diego-Rosental-768x792.png 768w\" sizes=\"auto, (max-width: 1144px) 100vw, 1144px\" \/><\/figure>\n\n\n\n<p>Diego Rosental es actor, bailar\u00edn, director, core\u00f3grafo y docente.<\/p>\n\n\n\n<p>Se form\u00f3 como actor y bailar\u00edn. Inici\u00f3 sus estudios de actuaci\u00f3n en la Escuela de Teatro de Rosario y en la Universidad Nacional de las Artes de Buenos Aires. Entre sus maestros se destacan Nora Moseinco, Ciro Zorzoli, Guillermo Angelelli, Ricardo Bart\u00eds, Javier Daulte, Lucas Condro, Cecilia Colacrai, Ana Frenkel, Eugenia Est\u00e9vez, Marina Giancaspro, Gustavo Lesgart, Diana Szeinblum, Carlos Casella, Leticia Mazur, David Zambrano, Thomas Hauert.<\/p>\n\n\n\n<p>Fue parte de la compa\u00f1\u00eda argentina \u00abDe la Guarda\u00bb Villa Villa realizando giras por Australia, Espa\u00f1a, Portugal, Italia, Grecia, Turqu\u00eda y M\u00e9xico. Fue convocado por Fuerza Bruta para los festejos del Bicentenario de la Rep\u00fablica Argentina en 2010.<\/p>\n\n\n\n<p>Como int\u00e9rprete trabaj\u00f3 con core\u00f3grafos y directores como Emilio Garc\u00eda Wehbi y Maricel \u00c1lvarez (65 Sue\u00f1os sobre Kafka), Diana Szeinblum (Instrumento para estrellar), Ciro Zorzoli (Estado de Ira, S\u00edmil Piel), Ana Frenkel y Carlos Casella (Pura Cepa, Hacia el Fin, Coraz\u00f3n Idiota), Celia Arguello Rena (Villa Arguello), Diego Vel\u00e1zquez y Eugenia Est\u00e9vez (Hemos abandonado nuestra carrera de Campeones), Andr\u00e9s Molina (Categor\u00eda Mosquitos), Mayra Bonard (Grandes Amigos), Maruja Bustamante (Am\u00e9rica Latina), Anal\u00eda Fedra Garc\u00eda (Muchas Felicidades), Roberto Villanueva (El Secreto de la Luna).<\/p>\n\n\n\n<p>Particip\u00f3 en festivales como el Festival Internacional de Teatro de Buenos Aires (FIBA); Festival de Danza Contempor\u00e1nea de Buenos Aires; Festival Filo Teatro en Londrina, Brasil; Festival GAM, Santiago de Chile; Festival de Oto\u00f1o en primavera en Madrid, Espa\u00f1a; FIDAE Uruguay; entre otros.<\/p>\n\n\n\n<p>Es entrenador corporal de actores y core\u00f3grafo en obras de teatro y de danza. Da talleres de danza, improvisaci\u00f3n y composici\u00f3n.<\/p>\n\n\n\n<p>Ha trabajado como actor, bailar\u00edn, m\u00fasico y acr\u00f3bata a\u00e9reo en programas de ficci\u00f3n en televisi\u00f3n, cine, publicidades, eventos privados y oficiales de la ciudad de Buenos Aires, Argentina y del exterior.<\/p>\n\n\n\n<p>Dirigi\u00f3 e interpret\u00f3 Acr\u00f3stico. La pieza se present\u00f3 en el Ciclo \u00d3peras Primas del Centro Cultural Rojas, en el Centro Cultural Conti, en el Centro Cultural de la Cooperaci\u00f3n y en el Centro Cultural 25 de Mayo de Buenos Aires. Fue seleccionada para participar del X Festival de Danza Contempor\u00e1nea de Buenos Aires y en el XII Festival Internacional de Teatro FIBA \u200b\u200b2019.<\/p>\n\n\n\n<p>En el a\u00f1o 2021 residi\u00f3 en Madrid donde realiz\u00f3 el M\u00e1ster en Pr\u00e1ctica Esc\u00e9nica y Cultura Visual que se dicta en el Museo Nacional Centro de Arte Reina Sof\u00eda. All\u00ed, su proyecto en desarrollo La Renuncia se present\u00f3 en el Teatro Pradillo, particip\u00f3 del 35 Certamen Coreogr\u00e1fico de Madrid y en el Centro de Cultura Contempor\u00e1nea Conde Duque.<\/p>\n\n\n\n<p>Co-dirigi\u00f3 junto a Cecilia Meijide \u201cSegunda Naturaleza\u201d de la autora finlandesa Pipsa Lonka, dentro del Festival Plataforma Fluorescente, curado por el grupo Piel de Lava.<\/p>\n\n\n\n<p>En 2022 fue invitado con La Renuncia a una residencia de creaci\u00f3n en Fundaci\u00f3n Cazadores, realizando presentaciones dentro del ciclo -Despliegues, danza y performance ante el tiempo- con curadur\u00eda de Mariel Leibovich. La Renuncia fue seleccionada para participar del FIBA 2023.<\/p>\n","protected":false},"excerpt":{"rendered":"<p>MPECV. 2021<\/p>\n","protected":false},"author":285,"featured_media":13646,"comment_status":"open","ping_status":"open","sticky":false,"template":"","format":"standard","meta":{"footnotes":""},"categories":[121],"tags":[],"class_list":["post-13645","post","type-post","status-publish","format-standard","has-post-thumbnail","hentry","category-mpecv"],"_links":{"self":[{"href":"https:\/\/blog.uclm.es\/archivoartea\/wp-json\/wp\/v2\/posts\/13645","targetHints":{"allow":["GET"]}}],"collection":[{"href":"https:\/\/blog.uclm.es\/archivoartea\/wp-json\/wp\/v2\/posts"}],"about":[{"href":"https:\/\/blog.uclm.es\/archivoartea\/wp-json\/wp\/v2\/types\/post"}],"author":[{"embeddable":true,"href":"https:\/\/blog.uclm.es\/archivoartea\/wp-json\/wp\/v2\/users\/285"}],"replies":[{"embeddable":true,"href":"https:\/\/blog.uclm.es\/archivoartea\/wp-json\/wp\/v2\/comments?post=13645"}],"version-history":[{"count":3,"href":"https:\/\/blog.uclm.es\/archivoartea\/wp-json\/wp\/v2\/posts\/13645\/revisions"}],"predecessor-version":[{"id":13656,"href":"https:\/\/blog.uclm.es\/archivoartea\/wp-json\/wp\/v2\/posts\/13645\/revisions\/13656"}],"wp:featuredmedia":[{"embeddable":true,"href":"https:\/\/blog.uclm.es\/archivoartea\/wp-json\/wp\/v2\/media\/13646"}],"wp:attachment":[{"href":"https:\/\/blog.uclm.es\/archivoartea\/wp-json\/wp\/v2\/media?parent=13645"}],"wp:term":[{"taxonomy":"category","embeddable":true,"href":"https:\/\/blog.uclm.es\/archivoartea\/wp-json\/wp\/v2\/categories?post=13645"},{"taxonomy":"post_tag","embeddable":true,"href":"https:\/\/blog.uclm.es\/archivoartea\/wp-json\/wp\/v2\/tags?post=13645"}],"curies":[{"name":"wp","href":"https:\/\/api.w.org\/{rel}","templated":true}]}}