{"id":13549,"date":"2022-04-25T13:28:00","date_gmt":"2022-04-25T11:28:00","guid":{"rendered":"https:\/\/blog.uclm.es\/archivoartea\/?p=13549"},"modified":"2026-04-25T13:36:11","modified_gmt":"2026-04-25T11:36:11","slug":"teatro-movil","status":"publish","type":"post","link":"https:\/\/blog.uclm.es\/archivoartea\/2022\/04\/25\/teatro-movil\/","title":{"rendered":"Teatro m\u00f3vil de Javier Navarro de Zuvillaga"},"content":{"rendered":"\n<h4 class=\"wp-block-heading\"><a href=\"https:\/\/blog.uclm.es\/archivoartea\/2000\/03\/12\/fernando-quesada\/\" data-type=\"post\" data-id=\"8585\">Fernando Quesada<\/a><\/h4>\n\n\n\n<p>2022<\/p>\n\n\n\n<p>Presentaci\u00f3n de la maqueta y del libro en la Fundaci\u00f3n Juan March. Ciclo \u201cLa Biblioteca Invita\u201d.<\/p>\n\n\n\n<p>Con motivo de la restauraci\u00f3n de la maqueta del Teatro M\u00f3vil de Javier Navarro de Zuvillaga, expuesta en la Bienal de Sao Paulo de 1975 y ahora en las salas de la Biblioteca de Teatro de la Fundaci\u00f3n Juan March en exposici\u00f3n permanente, se present\u00f3 el libro \u201cTeatro M\u00f3vil. La contracultura arquitect\u00f3nica a escena\u201d, de Fernando Quesada. Adem\u00e1s del autor del libro participaron el director de la biblioteca Luis Mart\u00ednez Uribe, Javier Navarro de Zuvillaga, \u00d3scar Cornago y Eduardo Prieto.<\/p>\n\n\n\n<figure class=\"wp-block-gallery has-nested-images columns-default is-cropped wp-block-gallery-1 is-layout-flex wp-block-gallery-is-layout-flex\">\n<figure class=\"wp-block-image size-large\"><img loading=\"lazy\" decoding=\"async\" width=\"1200\" height=\"800\" data-id=\"13551\" src=\"https:\/\/blog.uclm.es\/archivoartea\/wp-content\/uploads\/sites\/323\/2026\/04\/Teatro-movil.2022.Presentacion-1.jpeg\" alt=\"\" class=\"wp-image-13551\" srcset=\"https:\/\/blog.uclm.es\/archivoartea\/wp-content\/uploads\/sites\/323\/2026\/04\/Teatro-movil.2022.Presentacion-1.jpeg 1200w, https:\/\/blog.uclm.es\/archivoartea\/wp-content\/uploads\/sites\/323\/2026\/04\/Teatro-movil.2022.Presentacion-1-300x200.jpeg 300w, https:\/\/blog.uclm.es\/archivoartea\/wp-content\/uploads\/sites\/323\/2026\/04\/Teatro-movil.2022.Presentacion-1-768x512.jpeg 768w\" sizes=\"auto, (max-width: 1200px) 100vw, 1200px\" \/><\/figure>\n\n\n\n<figure class=\"wp-block-image size-large\"><img loading=\"lazy\" decoding=\"async\" width=\"1200\" height=\"800\" data-id=\"13552\" src=\"https:\/\/blog.uclm.es\/archivoartea\/wp-content\/uploads\/sites\/323\/2026\/04\/Teatro-movil.2022.Presentacion-2.jpg\" alt=\"\" class=\"wp-image-13552\" srcset=\"https:\/\/blog.uclm.es\/archivoartea\/wp-content\/uploads\/sites\/323\/2026\/04\/Teatro-movil.2022.Presentacion-2.jpg 1200w, https:\/\/blog.uclm.es\/archivoartea\/wp-content\/uploads\/sites\/323\/2026\/04\/Teatro-movil.2022.Presentacion-2-300x200.jpg 300w, https:\/\/blog.uclm.es\/archivoartea\/wp-content\/uploads\/sites\/323\/2026\/04\/Teatro-movil.2022.Presentacion-2-768x512.jpg 768w\" sizes=\"auto, (max-width: 1200px) 100vw, 1200px\" \/><\/figure>\n\n\n\n<figure class=\"wp-block-image size-large\"><img loading=\"lazy\" decoding=\"async\" width=\"1200\" height=\"800\" data-id=\"13553\" src=\"https:\/\/blog.uclm.es\/archivoartea\/wp-content\/uploads\/sites\/323\/2026\/04\/Teatro-movil.2022.Presentacion-3.jpg\" alt=\"\" class=\"wp-image-13553\" srcset=\"https:\/\/blog.uclm.es\/archivoartea\/wp-content\/uploads\/sites\/323\/2026\/04\/Teatro-movil.2022.Presentacion-3.jpg 1200w, https:\/\/blog.uclm.es\/archivoartea\/wp-content\/uploads\/sites\/323\/2026\/04\/Teatro-movil.2022.Presentacion-3-300x200.jpg 300w, https:\/\/blog.uclm.es\/archivoartea\/wp-content\/uploads\/sites\/323\/2026\/04\/Teatro-movil.2022.Presentacion-3-768x512.jpg 768w\" sizes=\"auto, (max-width: 1200px) 100vw, 1200px\" \/><\/figure>\n\n\n\n<figure class=\"wp-block-image size-large\"><img loading=\"lazy\" decoding=\"async\" width=\"1200\" height=\"800\" data-id=\"13554\" src=\"https:\/\/blog.uclm.es\/archivoartea\/wp-content\/uploads\/sites\/323\/2026\/04\/Teatro-movil.2022.Presentacion-4.jpeg\" alt=\"\" class=\"wp-image-13554\" srcset=\"https:\/\/blog.uclm.es\/archivoartea\/wp-content\/uploads\/sites\/323\/2026\/04\/Teatro-movil.2022.Presentacion-4.jpeg 1200w, https:\/\/blog.uclm.es\/archivoartea\/wp-content\/uploads\/sites\/323\/2026\/04\/Teatro-movil.2022.Presentacion-4-300x200.jpeg 300w, https:\/\/blog.uclm.es\/archivoartea\/wp-content\/uploads\/sites\/323\/2026\/04\/Teatro-movil.2022.Presentacion-4-768x512.jpeg 768w\" sizes=\"auto, (max-width: 1200px) 100vw, 1200px\" \/><\/figure>\n\n\n\n<figure class=\"wp-block-image size-large\"><img loading=\"lazy\" decoding=\"async\" width=\"1200\" height=\"800\" data-id=\"13556\" src=\"https:\/\/blog.uclm.es\/archivoartea\/wp-content\/uploads\/sites\/323\/2026\/04\/Teatro-movil.2022.Presentacion-6.jpeg\" alt=\"\" class=\"wp-image-13556\" srcset=\"https:\/\/blog.uclm.es\/archivoartea\/wp-content\/uploads\/sites\/323\/2026\/04\/Teatro-movil.2022.Presentacion-6.jpeg 1200w, https:\/\/blog.uclm.es\/archivoartea\/wp-content\/uploads\/sites\/323\/2026\/04\/Teatro-movil.2022.Presentacion-6-300x200.jpeg 300w, https:\/\/blog.uclm.es\/archivoartea\/wp-content\/uploads\/sites\/323\/2026\/04\/Teatro-movil.2022.Presentacion-6-768x512.jpeg 768w\" sizes=\"auto, (max-width: 1200px) 100vw, 1200px\" \/><\/figure>\n<\/figure>\n\n\n\n<div class=\"wp-block-buttons is-content-justification-center is-layout-flex wp-container-core-buttons-is-layout-a89b3969 wp-block-buttons-is-layout-flex\">\n<div class=\"wp-block-button\"><a class=\"wp-block-button__link wp-element-button\" href=\"https:\/\/vimeo.com\/685394005\">Video presentaci\u00f3n<\/a><\/div>\n\n\n\n<div class=\"wp-block-button\"><a class=\"wp-block-button__link wp-element-button\" href=\"https:\/\/vimeo.com\/685408612\">Presentaci\u00f3n completa<\/a><\/div>\n<\/div>\n\n\n\n<p><\/p>\n","protected":false},"excerpt":{"rendered":"<p>Presentaci\u00f3n del libro. Fernando Quesada y Javier Navarro Zuvillaga. Video<\/p>\n","protected":false},"author":285,"featured_media":13550,"comment_status":"open","ping_status":"open","sticky":false,"template":"","format":"standard","meta":{"footnotes":""},"categories":[484,458,30],"tags":[89],"class_list":["post-13549","post","type-post","status-publish","format-standard","has-post-thumbnail","hentry","category-2020-la-nueva-perdida-del-centro","category-proyectos-artea","category-video-conferencia","tag-arquitectura"],"_links":{"self":[{"href":"https:\/\/blog.uclm.es\/archivoartea\/wp-json\/wp\/v2\/posts\/13549","targetHints":{"allow":["GET"]}}],"collection":[{"href":"https:\/\/blog.uclm.es\/archivoartea\/wp-json\/wp\/v2\/posts"}],"about":[{"href":"https:\/\/blog.uclm.es\/archivoartea\/wp-json\/wp\/v2\/types\/post"}],"author":[{"embeddable":true,"href":"https:\/\/blog.uclm.es\/archivoartea\/wp-json\/wp\/v2\/users\/285"}],"replies":[{"embeddable":true,"href":"https:\/\/blog.uclm.es\/archivoartea\/wp-json\/wp\/v2\/comments?post=13549"}],"version-history":[{"count":3,"href":"https:\/\/blog.uclm.es\/archivoartea\/wp-json\/wp\/v2\/posts\/13549\/revisions"}],"predecessor-version":[{"id":13559,"href":"https:\/\/blog.uclm.es\/archivoartea\/wp-json\/wp\/v2\/posts\/13549\/revisions\/13559"}],"wp:featuredmedia":[{"embeddable":true,"href":"https:\/\/blog.uclm.es\/archivoartea\/wp-json\/wp\/v2\/media\/13550"}],"wp:attachment":[{"href":"https:\/\/blog.uclm.es\/archivoartea\/wp-json\/wp\/v2\/media?parent=13549"}],"wp:term":[{"taxonomy":"category","embeddable":true,"href":"https:\/\/blog.uclm.es\/archivoartea\/wp-json\/wp\/v2\/categories?post=13549"},{"taxonomy":"post_tag","embeddable":true,"href":"https:\/\/blog.uclm.es\/archivoartea\/wp-json\/wp\/v2\/tags?post=13549"}],"curies":[{"name":"wp","href":"https:\/\/api.w.org\/{rel}","templated":true}]}}