{"id":13458,"date":"2025-12-24T10:54:00","date_gmt":"2025-12-24T09:54:00","guid":{"rendered":"https:\/\/blog.uclm.es\/archivoartea\/?p=13458"},"modified":"2026-04-24T11:03:10","modified_gmt":"2026-04-24T09:03:10","slug":"versiones-y-perversiones-performativas-del-discurso-medico","status":"publish","type":"post","link":"https:\/\/blog.uclm.es\/archivoartea\/2025\/12\/24\/versiones-y-perversiones-performativas-del-discurso-medico\/","title":{"rendered":"Versiones y perversiones performativas del discurso m\u00e9dico"},"content":{"rendered":"\n<h2 class=\"wp-block-heading\">La mala vida buen\u00edsima de epil\u00e9pticas, neurast\u00e9nicos y sical\u00edpticas\u00a0<\/h2>\n\n\n\n<h4 class=\"wp-block-heading\">Gloria G. Dur\u00e1n<\/h4>\n\n\n\n<p>Referencia: Dur\u00e1n, G. G. (2025). Versiones y perversiones performativas del discurso m\u00e9dico: la mala vida buen\u00edsima de epil\u00e9pticas, neurast\u00e9nicos y sical\u00edpticas. En Representaci\u00f3n y performatividad de la enfermedad como s\u00edntoma de la vida contempor\u00e1nea (pp. 62-79). Ediciones de la Universidad de Castilla-La Mancha. https:\/\/doi.org\/10.18239\/coe_2025_189.06<\/p>\n\n\n\n<p>La vida de las mujeres del espect\u00e1culo, especialmente las de principios del siglo xx, ha sido considerada una \u00abmala\u00bb vida, quiz\u00e1 la peor vida posible. Sin embargo estas damas de las variedades y el cupl\u00e9 fueron imitadas, contratadas por las m\u00e1s prestigiosas firmas de los nuevos productos de consumo de masas e idolatradas por las se\u00f1oritas de bien y los se\u00f1oritos de post\u00edn. Muchas imitaban sus ropas, gestos y desvar\u00edos. Otros las evitaban y tem\u00edan. Vamos a tratar de dilucidar esta paradoja, esta peculiaridad cultural espa\u00f1ola, cuyo \u00abequilibrio inveros\u00edmil\u00bb ha forjado gran parte de nuestra historia cultural. De hecho es ese equilibrio, adjetivado as\u00ed, \u00abinveros\u00edmil\u00bb, por F\u00e9lix Limendoux, el que da sentido a la palabra que ti\u00f1\u00f3 toda la cultura espa\u00f1ola de la Edad de Plata: la sicalipsis. Fue precisamente este editor quien invent\u00f3 el t\u00e9rmino. Con toques totalmente franceses y altas dosis de discursos m\u00e9dicos, higienistas, sociol\u00f3gico-populares y alarmistas anti-modernos, la sicalipsis triunf\u00f3. Daremos unas pinceladas que doten de sentido a esta \u00abmala vida buen\u00edsima\u00bb, que dir\u00eda la Bella Dorita.<\/p>\n\n\n\n<div class=\"wp-block-buttons is-layout-flex wp-block-buttons-is-layout-flex\">\n<div class=\"wp-block-button\"><a class=\"wp-block-button__link wp-element-button\" href=\"https:\/\/ruidera.uclm.es\/bitstreams\/b65003a8-f76f-4913-974c-6519e8096ac1\/download\">Leer texto completo<\/a><\/div>\n<\/div>\n\n\n\n<figure class=\"wp-block-image size-full\"><img loading=\"lazy\" decoding=\"async\" width=\"906\" height=\"609\" src=\"https:\/\/blog.uclm.es\/archivoartea\/wp-content\/uploads\/sites\/323\/2026\/04\/Sicalipticas.-Fuente-Revista-Las-mujeres-galantes-1902.png\" alt=\"\" class=\"wp-image-13459\" srcset=\"https:\/\/blog.uclm.es\/archivoartea\/wp-content\/uploads\/sites\/323\/2026\/04\/Sicalipticas.-Fuente-Revista-Las-mujeres-galantes-1902.png 906w, https:\/\/blog.uclm.es\/archivoartea\/wp-content\/uploads\/sites\/323\/2026\/04\/Sicalipticas.-Fuente-Revista-Las-mujeres-galantes-1902-300x202.png 300w, https:\/\/blog.uclm.es\/archivoartea\/wp-content\/uploads\/sites\/323\/2026\/04\/Sicalipticas.-Fuente-Revista-Las-mujeres-galantes-1902-768x516.png 768w\" sizes=\"auto, (max-width: 906px) 100vw, 906px\" \/><figcaption class=\"wp-element-caption\"><sup>Primeras sical\u00edpticas. Fuente: <em>Las mujeres galantes<\/em>. 1902<\/sup><\/figcaption><\/figure>\n\n\n\n<p><\/p>\n","protected":false},"excerpt":{"rendered":"<p>La mala vida buen\u00edsima de epil\u00e9pticas, neurast\u00e9nicos y sical\u00edpticas. Gloria G. Dur\u00e1n. 2025. Texto<\/p>\n","protected":false},"author":285,"featured_media":13459,"comment_status":"open","ping_status":"open","sticky":false,"template":"","format":"standard","meta":{"footnotes":""},"categories":[509,21],"tags":[215,554],"class_list":["post-13458","post","type-post","status-publish","format-standard","has-post-thumbnail","hentry","category-2024-experimenta","category-textos-es","tag-enfermedad","tag-sicalipsis"],"_links":{"self":[{"href":"https:\/\/blog.uclm.es\/archivoartea\/wp-json\/wp\/v2\/posts\/13458","targetHints":{"allow":["GET"]}}],"collection":[{"href":"https:\/\/blog.uclm.es\/archivoartea\/wp-json\/wp\/v2\/posts"}],"about":[{"href":"https:\/\/blog.uclm.es\/archivoartea\/wp-json\/wp\/v2\/types\/post"}],"author":[{"embeddable":true,"href":"https:\/\/blog.uclm.es\/archivoartea\/wp-json\/wp\/v2\/users\/285"}],"replies":[{"embeddable":true,"href":"https:\/\/blog.uclm.es\/archivoartea\/wp-json\/wp\/v2\/comments?post=13458"}],"version-history":[{"count":1,"href":"https:\/\/blog.uclm.es\/archivoartea\/wp-json\/wp\/v2\/posts\/13458\/revisions"}],"predecessor-version":[{"id":13460,"href":"https:\/\/blog.uclm.es\/archivoartea\/wp-json\/wp\/v2\/posts\/13458\/revisions\/13460"}],"wp:featuredmedia":[{"embeddable":true,"href":"https:\/\/blog.uclm.es\/archivoartea\/wp-json\/wp\/v2\/media\/13459"}],"wp:attachment":[{"href":"https:\/\/blog.uclm.es\/archivoartea\/wp-json\/wp\/v2\/media?parent=13458"}],"wp:term":[{"taxonomy":"category","embeddable":true,"href":"https:\/\/blog.uclm.es\/archivoartea\/wp-json\/wp\/v2\/categories?post=13458"},{"taxonomy":"post_tag","embeddable":true,"href":"https:\/\/blog.uclm.es\/archivoartea\/wp-json\/wp\/v2\/tags?post=13458"}],"curies":[{"name":"wp","href":"https:\/\/api.w.org\/{rel}","templated":true}]}}