{"id":13455,"date":"2025-12-29T10:43:00","date_gmt":"2025-12-29T09:43:00","guid":{"rendered":"https:\/\/blog.uclm.es\/archivoartea\/?p=13455"},"modified":"2026-04-24T11:04:09","modified_gmt":"2026-04-24T09:04:09","slug":"extasis-quieto","status":"publish","type":"post","link":"https:\/\/blog.uclm.es\/archivoartea\/2025\/12\/29\/extasis-quieto\/","title":{"rendered":"\u00c9xtasis quieto"},"content":{"rendered":"\n<h4 class=\"wp-block-heading\">Irene Mahugo<\/h4>\n\n\n\n<p>2025<\/p>\n\n\n\n<p>Referencia: Mahugo Amaro, I. (2025). \u00c9xtasis quieto. En Representaci\u00f3n y performatividad de la enfermedad como s\u00edntoma de la vida contempor\u00e1nea (pp. 24-33). Ediciones de la Universidad de Castilla-La Mancha. https:\/\/doi.org\/10.18239\/coe_2025_189.03<\/p>\n\n\n\n<figure class=\"wp-block-image size-full\"><img loading=\"lazy\" decoding=\"async\" width=\"612\" height=\"408\" src=\"https:\/\/blog.uclm.es\/archivoartea\/wp-content\/uploads\/sites\/323\/2026\/04\/Irene-Mahugo-curadora.-Revolucion-Horizontal-2024.-Hangar-centre-de-produccio-i-recerca-artis-tica-Barcelona.png\" alt=\"\" class=\"wp-image-13456\" srcset=\"https:\/\/blog.uclm.es\/archivoartea\/wp-content\/uploads\/sites\/323\/2026\/04\/Irene-Mahugo-curadora.-Revolucion-Horizontal-2024.-Hangar-centre-de-produccio-i-recerca-artis-tica-Barcelona.png 612w, https:\/\/blog.uclm.es\/archivoartea\/wp-content\/uploads\/sites\/323\/2026\/04\/Irene-Mahugo-curadora.-Revolucion-Horizontal-2024.-Hangar-centre-de-produccio-i-recerca-artis-tica-Barcelona-300x200.png 300w\" sizes=\"auto, (max-width: 612px) 100vw, 612px\" \/><figcaption class=\"wp-element-caption\"><sup>Irene Mahugo (curadora).\u00a0<em>Revoluci\u00f3n Horizontal<\/em>, 2024. Hangar, Barcelona<\/sup>.<\/figcaption><\/figure>\n\n\n\n<p>Este texto surge de una experiencia sensible como espectadora de danza contempor\u00e1nea y abre una reflexi\u00f3n en torno al movimiento de los cuerpos afectados por la enfermedad y la discapacidad, as\u00ed como sus modos de aparecer en escena. A partir de esa vivencia, se desarrolla un recorrido por referentes culturales \u2014moda, artes visuales, performance y redes sociales\u2014 que interrogan y reconfiguran la cultura visual de la discapacidad desde una perspectiva cr\u00edtica y deseante. El an\u00e1lisis destaca c\u00f3mo artistas y colectivos despliegan estrategias de autorrepresentaci\u00f3n capaces de subvertir la mirada capacitista y proyectar efectos m\u00e1s all\u00e1 del \u00e1mbito art\u00edstico. En este marco, la discapacidad se plantea como lugar de enunciaci\u00f3n y transformaci\u00f3n, y los cruces entre arte y activismo anticapacitista, como espacios para imaginar existencias m\u00e1s sensibles, plurales y sostenibles, subrayando la urgencia de entrelazar pol\u00edticas culturales y sanitarias en las sociedades que habitamos.<\/p>\n\n\n\n<div class=\"wp-block-buttons is-layout-flex wp-block-buttons-is-layout-flex\">\n<div class=\"wp-block-button\"><a class=\"wp-block-button__link wp-element-button\" href=\"https:\/\/ruidera.uclm.es\/server\/api\/core\/bitstreams\/9f715652-8553-4881-bb82-ab800433acdc\/content\" target=\"_blank\" rel=\"noreferrer noopener\">Leer texto completo<\/a><\/div>\n<\/div>\n","protected":false},"excerpt":{"rendered":"<p>Irene Mahugo. 2025. Texto<\/p>\n","protected":false},"author":285,"featured_media":13456,"comment_status":"open","ping_status":"open","sticky":false,"template":"","format":"standard","meta":{"footnotes":""},"categories":[21],"tags":[551,552,553],"class_list":["post-13455","post","type-post","status-publish","format-standard","has-post-thumbnail","hentry","category-textos-es","tag-anticapacitismo","tag-horizontal","tag-quietud"],"_links":{"self":[{"href":"https:\/\/blog.uclm.es\/archivoartea\/wp-json\/wp\/v2\/posts\/13455","targetHints":{"allow":["GET"]}}],"collection":[{"href":"https:\/\/blog.uclm.es\/archivoartea\/wp-json\/wp\/v2\/posts"}],"about":[{"href":"https:\/\/blog.uclm.es\/archivoartea\/wp-json\/wp\/v2\/types\/post"}],"author":[{"embeddable":true,"href":"https:\/\/blog.uclm.es\/archivoartea\/wp-json\/wp\/v2\/users\/285"}],"replies":[{"embeddable":true,"href":"https:\/\/blog.uclm.es\/archivoartea\/wp-json\/wp\/v2\/comments?post=13455"}],"version-history":[{"count":1,"href":"https:\/\/blog.uclm.es\/archivoartea\/wp-json\/wp\/v2\/posts\/13455\/revisions"}],"predecessor-version":[{"id":13457,"href":"https:\/\/blog.uclm.es\/archivoartea\/wp-json\/wp\/v2\/posts\/13455\/revisions\/13457"}],"wp:featuredmedia":[{"embeddable":true,"href":"https:\/\/blog.uclm.es\/archivoartea\/wp-json\/wp\/v2\/media\/13456"}],"wp:attachment":[{"href":"https:\/\/blog.uclm.es\/archivoartea\/wp-json\/wp\/v2\/media?parent=13455"}],"wp:term":[{"taxonomy":"category","embeddable":true,"href":"https:\/\/blog.uclm.es\/archivoartea\/wp-json\/wp\/v2\/categories?post=13455"},{"taxonomy":"post_tag","embeddable":true,"href":"https:\/\/blog.uclm.es\/archivoartea\/wp-json\/wp\/v2\/tags?post=13455"}],"curies":[{"name":"wp","href":"https:\/\/api.w.org\/{rel}","templated":true}]}}