{"id":13449,"date":"2025-12-30T10:25:00","date_gmt":"2025-12-30T09:25:00","guid":{"rendered":"https:\/\/blog.uclm.es\/archivoartea\/?p=13449"},"modified":"2026-04-24T11:03:43","modified_gmt":"2026-04-24T09:03:43","slug":"an-arche","status":"publish","type":"post","link":"https:\/\/blog.uclm.es\/archivoartea\/2025\/12\/30\/an-arche\/","title":{"rendered":"An arch\u00e9"},"content":{"rendered":"\n<h2 class=\"wp-block-heading\">(Secuencia de notas sobre el cuerpo como archive vivant)<\/h2>\n\n\n\n<h4 class=\"wp-block-heading\"><a href=\"https:\/\/blog.uclm.es\/archivoartea\/2022\/01\/29\/helena-salgueiro\/\" data-type=\"post\" data-id=\"6775\">\u00a0Helena Salgueiro<\/a> <\/h4>\n\n\n\n<p>2025<\/p>\n\n\n\n<p>Referencia: Salgueiro, H. (2025). An arch\u00e9 (Secuencia de notas sobre el cuerpo como archive vivant). En Colecci\u00f3n Jornadas y Congresos (pp. 79-92). Ediciones de la Universidad de Castilla-La Mancha. https:\/\/doi.org\/10.18239\/jornadas_2025.58.07<\/p>\n\n\n\n<div style=\"height:60px\" aria-hidden=\"true\" class=\"wp-block-spacer\"><\/div>\n\n\n\n<p>.<\/p>\n\n\n\n<p>. . .<\/p>\n\n\n\n<p>Ya fue antes del giro afectivo contempor\u00e1neo que nos pregunt\u00e1bamos con la \u00e9tica spinoziana: \u00bfqu\u00e9 puede un cuerpo? Quiz\u00e1s su naturaleza es verse (saberse) afectado, y afectar de vuelta a otros cuerpos, en un gesto de retroalimentaci\u00f3n. El cuerpo como placa de inmanencia, material sensible que despu\u00e9s, s\u00f3lo despu\u00e9s, deviene sujeto. \u00bfPuede una pulsi\u00f3n como es la del cuerpo desorbitado, afectado, ser disciplinada? \u00bfEs la coreograf\u00eda un dispositivo de control, como teme Lepecki1? \u00bfUna sospecha, un mapa? \u00bfUna herramienta de retenci\u00f3n? \u00bfVa contra la misma ontolog\u00eda de las artes performativas, artes destinadas a su desaparici\u00f3n y en cuyo momento de apertura ya se est\u00e1n cerrando, como una flor fugaz?<\/p>\n\n\n\n<p>,<\/p>\n\n\n\n<p>Dispositivo de control: coreograf\u00eda ::: Dispositivo de control: m\u00f3vil<\/p>\n\n\n\n<p>La coreograf\u00eda es una tecnolog\u00eda y el aparato m\u00f3vil se ha convertido en una parte del vestido de ballet, un <em>worn dispositif<\/em>, un nuevo corset, que puede funcionar como ornamento, recurso, asfixia o prisi\u00f3n.<\/p>\n\n\n\n<p>,<\/p>\n\n\n\n<div style=\"height:58px\" aria-hidden=\"true\" class=\"wp-block-spacer\"><\/div>\n\n\n\n<div class=\"wp-block-buttons is-layout-flex wp-block-buttons-is-layout-flex\">\n<div class=\"wp-block-button\"><a class=\"wp-block-button__link wp-element-button\" href=\"https:\/\/ruidera.uclm.es\/bitstreams\/b986589f-ac87-4611-9594-e4cec3e11594\/download\">Leer texto completo<\/a><\/div>\n<\/div>\n\n\n\n<p><\/p>\n","protected":false},"excerpt":{"rendered":"<p>Secuencia de notas sobre el cuerpo como archive vivant. Helena Salgueiro. 2025. Texto.<\/p>\n","protected":false},"author":285,"featured_media":13450,"comment_status":"open","ping_status":"open","sticky":false,"template":"","format":"standard","meta":{"footnotes":""},"categories":[21],"tags":[550,111,39],"class_list":["post-13449","post","type-post","status-publish","format-standard","has-post-thumbnail","hentry","category-textos-es","tag-archivo-vivo","tag-coreografia","tag-cuerpo"],"_links":{"self":[{"href":"https:\/\/blog.uclm.es\/archivoartea\/wp-json\/wp\/v2\/posts\/13449","targetHints":{"allow":["GET"]}}],"collection":[{"href":"https:\/\/blog.uclm.es\/archivoartea\/wp-json\/wp\/v2\/posts"}],"about":[{"href":"https:\/\/blog.uclm.es\/archivoartea\/wp-json\/wp\/v2\/types\/post"}],"author":[{"embeddable":true,"href":"https:\/\/blog.uclm.es\/archivoartea\/wp-json\/wp\/v2\/users\/285"}],"replies":[{"embeddable":true,"href":"https:\/\/blog.uclm.es\/archivoartea\/wp-json\/wp\/v2\/comments?post=13449"}],"version-history":[{"count":1,"href":"https:\/\/blog.uclm.es\/archivoartea\/wp-json\/wp\/v2\/posts\/13449\/revisions"}],"predecessor-version":[{"id":13451,"href":"https:\/\/blog.uclm.es\/archivoartea\/wp-json\/wp\/v2\/posts\/13449\/revisions\/13451"}],"wp:featuredmedia":[{"embeddable":true,"href":"https:\/\/blog.uclm.es\/archivoartea\/wp-json\/wp\/v2\/media\/13450"}],"wp:attachment":[{"href":"https:\/\/blog.uclm.es\/archivoartea\/wp-json\/wp\/v2\/media?parent=13449"}],"wp:term":[{"taxonomy":"category","embeddable":true,"href":"https:\/\/blog.uclm.es\/archivoartea\/wp-json\/wp\/v2\/categories?post=13449"},{"taxonomy":"post_tag","embeddable":true,"href":"https:\/\/blog.uclm.es\/archivoartea\/wp-json\/wp\/v2\/tags?post=13449"}],"curies":[{"name":"wp","href":"https:\/\/api.w.org\/{rel}","templated":true}]}}