{"id":13398,"date":"2018-07-23T20:15:00","date_gmt":"2018-07-23T18:15:00","guid":{"rendered":"https:\/\/blog.uclm.es\/archivoartea\/?p=13398"},"modified":"2026-04-26T10:56:21","modified_gmt":"2026-04-26T08:56:21","slug":"eliana-murgia","status":"publish","type":"post","link":"https:\/\/blog.uclm.es\/archivoartea\/2018\/07\/23\/eliana-murgia\/","title":{"rendered":"Eliana Murgia"},"content":{"rendered":"\n<p>MPECV. 2017-18<\/p>\n\n\n\n<figure class=\"wp-block-image size-full\"><img loading=\"lazy\" decoding=\"async\" width=\"1120\" height=\"1200\" src=\"https:\/\/blog.uclm.es\/archivoartea\/wp-content\/uploads\/sites\/323\/2026\/04\/Eliana-Murgia.jpg\" alt=\"\" class=\"wp-image-13399\" srcset=\"https:\/\/blog.uclm.es\/archivoartea\/wp-content\/uploads\/sites\/323\/2026\/04\/Eliana-Murgia.jpg 1120w, https:\/\/blog.uclm.es\/archivoartea\/wp-content\/uploads\/sites\/323\/2026\/04\/Eliana-Murgia-280x300.jpg 280w, https:\/\/blog.uclm.es\/archivoartea\/wp-content\/uploads\/sites\/323\/2026\/04\/Eliana-Murgia-768x823.jpg 768w\" sizes=\"auto, (max-width: 1120px) 100vw, 1120px\" \/><\/figure>\n\n\n\n<p><strong>Eliana Murgia<\/strong>&nbsp;(Buenos Aires, Argentina) trabaja en el campo de las artes esc\u00e9nicas como actriz, directora ,autora y docente y en las artes audiovisuales como actriz y productora.&nbsp;<\/p>\n\n\n\n<p>Licenciada en Actuaci\u00f3n en la Universidad Nacional de las Artes (UNA) en Argentina, contin\u00faa\u202f&nbsp;sus estudios en el M\u00e1ster en Pr\u00e1cticas Esc\u00e9nicas y Cultura Visual (ARTEA-UCLM-Museo Nacional Reina Sof\u00eda) con el apoyo de la beca otorgada por el Programa&nbsp;\u2018Becar Cultura\u2019&nbsp;del Ministerio de Cultura de Argentina. Interesada por expandir su teatralidad y territorialidad art\u00edstica hacia nuevos horizontes, transita una instancia de investigaci\u00f3n y creaci\u00f3n desde un enfoque transdisciplinar.&nbsp;<\/p>\n\n\n\n<p>En Espa\u00f1a, su trabajo y colaboraciones art\u00edsticas han sido presentadas en el Centro Cultural Conde Duque, Museo centro de arte Reina Sof\u00eda, Teatro Pradillo, Centro P\u00e1rraga y\u202f&nbsp;en las programaciones de Injuve y Surge Madrid.&nbsp;<\/p>\n\n\n\n<p>Asimismo, ha participado como co-creadora, co-autora e int\u00e9rprete en festivales tales como FIBA y FAUNA, en Buenos Aires; el FITE en Porto Alegre, Brasil y del Festival Elsinor en La Habana, Cuba.&nbsp;<\/p>\n\n\n\n<p>Desde el 2021, produce en&nbsp;<em>No me Expliques Cine<\/em>,\u202f&nbsp;junto a Javier De Pietro y Carmela Sandeberg, una productora audiovisual interesada en llevar a cabo ficciones con perspectiva de g\u00e9nero.&nbsp;<\/p>\n\n\n\n<p>En Marzo 2023 presentar\u00e1 como autora, directora e int\u00e9rprete el work in progress de&nbsp;<em>Liquidaci\u00f3n Tota!,&nbsp;<\/em>una falsa biograf\u00eda que se presentar\u00e1 en el FIBA (Festival Internacional de Buenos Aires).&nbsp;<\/p>\n\n\n\n<p>&nbsp;Web:&nbsp;<a href=\"https:\/\/sites.google.com\/view\/elianamurgiacomar\/inicio?authuser=0\"><strong>elianamurgia.com.ar<\/strong><\/a>&nbsp;\/ IG:&nbsp;<a href=\"https:\/\/instagram.com\/eliana.murgia?igshid=YzgyMTM2MGM=\"><strong>@eliana.murgia<\/strong><\/a>&nbsp;<\/p>\n","protected":false},"excerpt":{"rendered":"<p>MPECV. 2017-18<\/p>\n","protected":false},"author":285,"featured_media":13399,"comment_status":"open","ping_status":"open","sticky":false,"template":"","format":"standard","meta":{"footnotes":""},"categories":[121],"tags":[],"class_list":["post-13398","post","type-post","status-publish","format-standard","has-post-thumbnail","hentry","category-mpecv"],"_links":{"self":[{"href":"https:\/\/blog.uclm.es\/archivoartea\/wp-json\/wp\/v2\/posts\/13398","targetHints":{"allow":["GET"]}}],"collection":[{"href":"https:\/\/blog.uclm.es\/archivoartea\/wp-json\/wp\/v2\/posts"}],"about":[{"href":"https:\/\/blog.uclm.es\/archivoartea\/wp-json\/wp\/v2\/types\/post"}],"author":[{"embeddable":true,"href":"https:\/\/blog.uclm.es\/archivoartea\/wp-json\/wp\/v2\/users\/285"}],"replies":[{"embeddable":true,"href":"https:\/\/blog.uclm.es\/archivoartea\/wp-json\/wp\/v2\/comments?post=13398"}],"version-history":[{"count":2,"href":"https:\/\/blog.uclm.es\/archivoartea\/wp-json\/wp\/v2\/posts\/13398\/revisions"}],"predecessor-version":[{"id":13807,"href":"https:\/\/blog.uclm.es\/archivoartea\/wp-json\/wp\/v2\/posts\/13398\/revisions\/13807"}],"wp:featuredmedia":[{"embeddable":true,"href":"https:\/\/blog.uclm.es\/archivoartea\/wp-json\/wp\/v2\/media\/13399"}],"wp:attachment":[{"href":"https:\/\/blog.uclm.es\/archivoartea\/wp-json\/wp\/v2\/media?parent=13398"}],"wp:term":[{"taxonomy":"category","embeddable":true,"href":"https:\/\/blog.uclm.es\/archivoartea\/wp-json\/wp\/v2\/categories?post=13398"},{"taxonomy":"post_tag","embeddable":true,"href":"https:\/\/blog.uclm.es\/archivoartea\/wp-json\/wp\/v2\/tags?post=13398"}],"curies":[{"name":"wp","href":"https:\/\/api.w.org\/{rel}","templated":true}]}}