{"id":13320,"date":"1972-04-23T17:50:00","date_gmt":"1972-04-23T16:50:00","guid":{"rendered":"https:\/\/blog.uclm.es\/archivoartea\/?p=13320"},"modified":"2026-04-26T12:34:32","modified_gmt":"2026-04-26T10:34:32","slug":"isidoro-valcarcel-medina","status":"publish","type":"post","link":"https:\/\/blog.uclm.es\/archivoartea\/1972\/04\/23\/isidoro-valcarcel-medina\/","title":{"rendered":"Isidoro Valc\u00e1rcel Medina"},"content":{"rendered":"\n<p>Murcia, 1937<\/p>\n\n\n\n<figure class=\"wp-block-image size-full\"><img loading=\"lazy\" decoding=\"async\" width=\"232\" height=\"300\" src=\"https:\/\/blog.uclm.es\/archivoartea\/wp-content\/uploads\/sites\/323\/2026\/04\/Isidoro-Valcarcel-Medina.jpg\" alt=\"\" class=\"wp-image-13321\" \/><\/figure>\n\n\n\n<p>Valc\u00e1rcel Medina es probablemente el mayor representante del arte de acci\u00f3n y del conceptual espa\u00f1ol. Tradicionalmente ignorado por la cr\u00edtica y el stablishment art\u00edstico, su trabajo cuestiona continuamente los sistemas de representaci\u00f3n y poder del arte contempor\u00e1neo, trabajos enmarcados caso de que sus trabajos sean enmarcables, es decir, comprimibles- en el \u00e1mbito de la acci\u00f3n, la intervenci\u00f3n y sobre todo en la creaci\u00f3n de situaciones en contextos p\u00fablicos donde manifiesta una preocupaci\u00f3n por el hecho de lo cotidiano, por la realidad presente. \u201cIsidoro Valc\u00e1rcel es la m\u00e1xima referencia que existe actualmente dentro de la performance. Un artista conceptual que pertenece a mi generaci\u00f3n y que, a pesar de su enorme val\u00eda, sufre las consecuencias de que en este \u00e1mbito, si tienes una l\u00ednea definida, est\u00e1s condenado al ostracismo\u2026\u201d (1) Valc\u00e1rcel no suele producir objetos, mas bien es productor de situaciones y proyectos donde juega la realidad, el azar, el movimiento, el desplazamiento (el ir y venir), el azar y la no especializaci\u00f3n (el lugar, el tiempo y el espacio est\u00e1n presentes de continuo en su obra, preocupado por o que el llama \u201cun arte habitable\u201d o \u201cun arte para ser vivido\u201d. Estudiante desertor de Arquitectura y Bellas Artes, recorri\u00f3 todas las tendencias pl\u00e1sticas de los 50 y 60, pero s\u00f3lo cuando sali\u00f3 de ellas tuvo la sensaci\u00f3n de haber llegado a alg\u00fan lugar amable. Su trayectoria se inicia en la pintura al principio de la d\u00e9cada de los 60, pasando mas tarde a la creaci\u00f3n de ambientes, performances, arte sonoro, instalaciones, arte correo, libros experimentales, arquitectura social, el cine, fotograf\u00eda o intervenciones en el espacio urbano. Valc\u00e1rcel Medina simboliza un referente imprescindible para muchas generaciones de artistas. En 2001, publicado por Entreascuas, present\u00f3 el libro 2000 d. de Jesucristo, un trabajo de cinco a\u00f1os que traza un recorrido a lo largo de veinte siglos de historia a trav\u00e9s de hechos anodinos, donde como en el resto de su pr\u00e1ctica, su trabajo en la edici\u00f3n libresca se enmarca en una reflexi\u00f3n sobre las condiciones y los medios de producci\u00f3n. En 2003, la Fundaci\u00f3 Tapies, la sala Ver\u00f3nicas de Murcia y el Centro Jos\u00e9 Guerrero de Granada presentan la exposici\u00f3n Ir y Venir de Valc\u00e1rcel Medina, un tr\u00e1nsito por su obra Memoria com\u00fan dispuesta para un uso privado y memoria privada, la del artista sobre su obra, ofrecida para el uso com\u00fan.<\/p>\n\n\n\n<p>Fuente: BARROSO, Rub\u00e9n.&nbsp;<em>Diccionario de Situaci\u00f3n de las artes de la Acci\u00f3n y\/o la Performance en el estado espa\u00f1ol<\/em><\/p>\n\n\n\n<h4 class=\"wp-block-heading\">Documentos relacionados<\/h4>\n\n\n\n<ul class=\"wp-block-list\">\n<li>Entrevista a I. Valc\u00e1rcel Medina. Encuentros de Pamplona. MNCARS &gt;&nbsp;<a href=\"http:\/\/www.museoreinasofia.es\/archivo\/videos\/entrevista-isidoro-valcarcel-medina.html\" target=\"_blank\" rel=\"noreferrer noopener\">ver v\u00eddeo<\/a><\/li>\n\n\n\n<li><a href=\"https:\/\/blog.uclm.es\/archivoartea\/2010\/03\/23\/entrevista-a-isidoro-valcarcel-medina\/\" data-type=\"post\" data-id=\"10557\">Entrevista a Isidoro Valc\u00e1rcel Medina<\/a> &#8211; Zara Rodr\u00edguez Prieto &#8211; 2010<\/li>\n\n\n\n<li><a href=\"https:\/\/blog.uclm.es\/archivoartea\/2016\/10\/21\/arte-en-crisis\/\" data-type=\"post\" data-id=\"1166\">Arte en crisis<\/a> &#8211; Entrevista por Leyla Dunia &#8211; 2016<\/li>\n\n\n\n<li><a href=\"http:\/\/La Situa\">La situaci\u00f3n 2016 arte por venir<\/a>.&nbsp;Facultad de Bellas Artes de Cuenca 2016<\/li>\n<\/ul>\n\n\n\n<p><\/p>\n\n\n","protected":false},"excerpt":{"rendered":"<p>Artista conceptual. Murcia-Madrid, 1937<\/p>\n","protected":false},"author":285,"featured_media":13321,"comment_status":"open","ping_status":"open","sticky":false,"template":"","format":"standard","meta":{"footnotes":""},"categories":[72],"tags":[],"class_list":["post-13320","post","type-post","status-publish","format-standard","has-post-thumbnail","hentry","category-artista-visuales"],"_links":{"self":[{"href":"https:\/\/blog.uclm.es\/archivoartea\/wp-json\/wp\/v2\/posts\/13320","targetHints":{"allow":["GET"]}}],"collection":[{"href":"https:\/\/blog.uclm.es\/archivoartea\/wp-json\/wp\/v2\/posts"}],"about":[{"href":"https:\/\/blog.uclm.es\/archivoartea\/wp-json\/wp\/v2\/types\/post"}],"author":[{"embeddable":true,"href":"https:\/\/blog.uclm.es\/archivoartea\/wp-json\/wp\/v2\/users\/285"}],"replies":[{"embeddable":true,"href":"https:\/\/blog.uclm.es\/archivoartea\/wp-json\/wp\/v2\/comments?post=13320"}],"version-history":[{"count":2,"href":"https:\/\/blog.uclm.es\/archivoartea\/wp-json\/wp\/v2\/posts\/13320\/revisions"}],"predecessor-version":[{"id":13827,"href":"https:\/\/blog.uclm.es\/archivoartea\/wp-json\/wp\/v2\/posts\/13320\/revisions\/13827"}],"wp:featuredmedia":[{"embeddable":true,"href":"https:\/\/blog.uclm.es\/archivoartea\/wp-json\/wp\/v2\/media\/13321"}],"wp:attachment":[{"href":"https:\/\/blog.uclm.es\/archivoartea\/wp-json\/wp\/v2\/media?parent=13320"}],"wp:term":[{"taxonomy":"category","embeddable":true,"href":"https:\/\/blog.uclm.es\/archivoartea\/wp-json\/wp\/v2\/categories?post=13320"},{"taxonomy":"post_tag","embeddable":true,"href":"https:\/\/blog.uclm.es\/archivoartea\/wp-json\/wp\/v2\/tags?post=13320"}],"curies":[{"name":"wp","href":"https:\/\/api.w.org\/{rel}","templated":true}]}}