{"id":12046,"date":"2016-10-04T15:21:00","date_gmt":"2016-10-04T13:21:00","guid":{"rendered":"https:\/\/blog.uclm.es\/archivoartea\/?p=12046"},"modified":"2026-04-20T17:12:49","modified_gmt":"2026-04-20T15:12:49","slug":"teatralidades-expandidas-3","status":"publish","type":"post","link":"https:\/\/blog.uclm.es\/archivoartea\/2016\/10\/04\/teatralidades-expandidas-3\/","title":{"rendered":"Teatralidades expandidas"},"content":{"rendered":"\n<p>Tema de investigaci\u00f3n: 2006-2016<\/p>\n\n\n\n<figure class=\"wp-block-image size-full\"><img loading=\"lazy\" decoding=\"async\" width=\"710\" height=\"450\" src=\"https:\/\/blog.uclm.es\/archivoartea\/wp-content\/uploads\/sites\/323\/2026\/04\/Mapa-Teatro.-2001.-La-balsada.jpeg\" alt=\"\" class=\"wp-image-12107\" srcset=\"https:\/\/blog.uclm.es\/archivoartea\/wp-content\/uploads\/sites\/323\/2026\/04\/Mapa-Teatro.-2001.-La-balsada.jpeg 710w, https:\/\/blog.uclm.es\/archivoartea\/wp-content\/uploads\/sites\/323\/2026\/04\/Mapa-Teatro.-2001.-La-balsada-300x190.jpeg 300w\" sizes=\"auto, (max-width: 710px) 100vw, 710px\" \/><figcaption class=\"wp-element-caption\"><sup>Mapa Teatro: La Balsada. Lago de Z\u00fcrich. 2021<\/sup><\/figcaption><\/figure>\n\n\n\n<p>Esta noci\u00f3n pretende dar cuenta de una serie de experiencias en que lo teatral se manifiesta bien fuera del espacio esc\u00e9nico, bien fuera de los l\u00edmites de la instituci\u00f3n art\u00edstica. Presta atenci\u00f3n tanto a propuestas de artistas que desbordan los modos convencionales de creaci\u00f3n esc\u00e9nica, como a manifestaciones sociales y pol\u00edticas que recurren a la teatralidad como medio de expresi\u00f3n o comunicaci\u00f3n.<\/p>\n\n\n\n<p>Tuvo una primera formulaci\u00f3n con motivo de la presentaci\u00f3n de la Maestr\u00eda en Teatro y Artes Vivas de la Universidad de Colombia, por lo que resulta evidente el cruce entre la noci\u00f3n de <em>teatralidades expandidas<\/em> y la de <em>artes vivas<\/em>. Ambas reh\u00fayen la definici\u00f3n precisa y se proponen m\u00e1s bien como un medio de pensar aquello que no puede ser categorizado o que se ver\u00eda empobrecido si se redujese s\u00f3lo a uno de los ingredientes que lo componen: lo esc\u00e9nico, lo pol\u00edtico, lo festivo, lo identitario, etc.<\/p>\n\n\n\n<p>La noci\u00f3n de teatralidades expandidas es deudora de otras que han intentado desde mediados del siglo XX ampliar el campo de lo esc\u00e9nico y de la acci\u00f3n art\u00edstica: Performance Art (Richard Schechner), Live Art (Lois Keidan), Postdramatisches Theater (Hans-Thies Lehman). Comparte con las dos primeras la intenci\u00f3n de situar la creaci\u00f3n art\u00edstica en el \u00e1mbito de la experiencia, inseparable por tanto de sus dimensiones social, pol\u00edtica, ritual o festiva, as\u00ed como la renuncia al esencialismo en la definici\u00f3n del propio medio. Si bien se separa de ellas por la afirmaci\u00f3n de la vigencia de la <em>representaci\u00f3n<\/em>, por m\u00e1s que \u00e9sta deba ser problematizada. Comparte con el <em>teatro posdram\u00e1tico<\/em> el reconocimiento de dramaturgias no determinadas por lo literario, si bien en el \u00e1mbito de las <em>teatralidades expandidas<\/em>, este reconocimiento no implica una alineaci\u00f3n con la <em>posmodernidad<\/em>, sino la puesta en valor de dramaturgias distintas a la elaboraci\u00f3n del drama occidental que siempre han existido en el \u00e1mbito de lo teatral y de lo esc\u00e9nico. Al igual que las <em>teor\u00edas de lo performativo<\/em>, las <em>teatralidades expandidas<\/em> se nutren del recurso a lo teatral como herramienta conceptual para el estudio de lo social propuesta por Erwing Goffman desde la microsociolog\u00eda, as\u00ed como de la categor\u00eda de lo <em>liminal<\/em>, propuesta por Victor Turner en sus estudios antropol\u00f3gicos.<\/p>\n\n\n\n<p>La investigaci\u00f3n sobre las teatralidad expandidas dio lugar a dos proyectos de investigaci\u00f3n del grupo ARTEA, de las que se derivaron numerosas actividades realizadas en colaboraci\u00f3n con diferentes instituciones; entre ellas: Museo Reina Sof\u00eda, Matadero Madrid, La Casa Encendida, etc.<\/p>\n\n\n\n<p><a href=\"https:\/\/blog.uclm.es\/archivoartea\/2013\/01\/24\/teatralidades-disidentes\/\" data-type=\"post\" data-id=\"9231\">Teatralidades disidentes<\/a>. 2013-15<\/p>\n\n\n\n<p><a href=\"https:\/\/blog.uclm.es\/archivoartea\/2015\/09\/25\/teatralidades-expandidas\/\" data-type=\"post\" data-id=\"9315\">Teatralidades expandidas<\/a>. 2015-18<\/p>\n\n\n\n<h4 class=\"wp-block-heading\">Textos destacados:<\/h4>\n\n\n\n<p><a href=\"https:\/\/blog.uclm.es\/archivoartea\/2004\/03\/09\/escenarios-liminales\/\" data-type=\"post\" data-id=\"9730\">Escenarios liminales<\/a> &#8211; Ileana Di\u00e9guez &#8211; 2004<\/p>\n\n\n\n<p><a href=\"https:\/\/blog.uclm.es\/archivoartea\/2005\/09\/20\/que-es-la-teatralidad\/\" data-type=\"post\" data-id=\"2249\">\u00bfQu\u00e9 es la teatralidad?<\/a> &#8211; \u00d3scar Cornago &#8211; 2005<\/p>\n\n\n\n<p><a href=\"https:\/\/blog.uclm.es\/archivoartea\/2006\/04\/17\/el-campo-expandido-de-la-creacion-escenica\/\" data-type=\"post\" data-id=\"5960\">El campo expandido de la creaci\u00f3n esc\u00e9nica<\/a> &#8211; Jos\u00e9 A. S\u00e1nchez &#8211; 2006<\/p>\n\n\n\n<p><a href=\"https:\/\/blog.uclm.es\/archivoartea\/2007\/09\/29\/el-teatro-en-el-campo-expandido\/\" data-type=\"post\" data-id=\"6878\">El teatro en el campo expandido<\/a> &#8211; Jos\u00e9 A. S\u00e1nchez &#8211; 2007<\/p>\n\n\n\n<p><a href=\"https:\/\/blog.uclm.es\/archivoartea\/2010\/12\/20\/dramaturgia-en-el-campo-expandido\/\" data-type=\"post\" data-id=\"6498\">Dramaturgia en el campo expandido<\/a> &#8211; Jos\u00e9 A. S\u00e1nchez &#8211; 2009<\/p>\n\n\n\n<p><a href=\"https:\/\/blog.uclm.es\/archivoartea\/2015\/02\/18\/la-teatralidad-de-los-dispositivos-de-participacion-2\/\" data-type=\"post\" data-id=\"8749\">La teatralidad de los dispositivos de participaci\u00f3n<\/a> &#8211; \u00d3scar Cornago. &#8211; 2015<\/p>\n\n\n\n<p><a href=\"https:\/\/blog.uclm.es\/archivoartea\/2015\/09\/19\/escena-expandida-teatralidades-del-siglo-xxi\/\" data-type=\"post\" data-id=\"2220\">Escena expandida. Teatralidades del siglo XXI<\/a> &#8211; Rub\u00e9n Ortiz &#8211; 2015<\/p>\n\n\n\n<p><a href=\"https:\/\/blog.uclm.es\/joseasanchez\/2016\/12\/26\/etica-y-representacion-2016\/\" target=\"_blank\" rel=\"noreferrer noopener\">\u00c9tica y representaci\u00f3n<\/a> &#8211; Jos\u00e9 A. S\u00e1nchez &#8211; 2016<\/p>\n\n\n\n<h4 class=\"wp-block-heading\">Artistas destacad_s:<\/h4>\n\n\n\n<p><a href=\"https:\/\/blog.uclm.es\/archivoartea\/1980\/01\/15\/yuyachkani\/\" data-type=\"post\" data-id=\"5849\">Yuyachkani <\/a>&#8211; Lima<\/p>\n\n\n\n<p><a href=\"https:\/\/blog.uclm.es\/archivoartea\/2001\/09\/22\/mapa-teatro\/\" data-type=\"post\" data-id=\"2504\">Mapa Teatro<\/a> &#8211; Bogot\u00e1<\/p>\n\n\n\n<p><a href=\"https:\/\/blog.uclm.es\/archivoartea\/2000\/09\/27\/teatro-da-vertigem\/\" data-type=\"post\" data-id=\"2883\">Teatro da Vertigem<\/a> &#8211; S\u00e3o Paulo<\/p>\n\n\n\n<p><a href=\"https:\/\/blog.uclm.es\/archivoartea\/2010\/04\/22\/rimini-protokoll\/\" data-type=\"post\" data-id=\"6238\">Rimini Protokoll <\/a>&#8211; Frankfurt am Main<\/p>\n\n\n\n<p><a href=\"http:\/\/Roger Bernat\">Roger Bernat<\/a> &#8211; Barcelona<\/p>\n\n\n\n<p><a href=\"https:\/\/blog.uclm.es\/archivoartea\/2010\/09\/26\/teatro-ojo\/\" data-type=\"post\" data-id=\"2843\">Teatro Ojo<\/a> &#8211; Ciudad de M\u00e9xico.<\/p>\n\n\n\n<h4 class=\"wp-block-heading\">Actividades destacadas:<\/h4>\n\n\n\n<p>&#8211; <a href=\"https:\/\/blog.uclm.es\/archivoartea\/2021\/10\/08\/catedra-de-teatralidades-expandidas\/\" data-type=\"post\" data-id=\"12569\">C\u00e1tedra de teatralidades expandidas<\/a> &#8211; 2021-23<\/p>\n\n\n\n<p>&#8211; <a href=\"https:\/\/blog.uclm.es\/archivoartea\/2017\/11\/19\/cuerpo-y-democracia\/\" data-type=\"post\" data-id=\"10223\">Cuerpo y democracia<\/a> &#8211; 2017<\/p>\n\n\n\n<p>&#8211; <a href=\"https:\/\/blog.uclm.es\/archivoartea\/2016\/06\/19\/dispositivos-escenicos\/\" data-type=\"post\" data-id=\"10231\">Dispositivos esc\u00e9nicos<\/a> &#8211; 2016<\/p>\n\n\n\n<p>&#8211; <a href=\"https:\/\/blog.uclm.es\/archivoartea\/2013\/04\/12\/no-hay-mas-poesia-que-la-accion\/\" data-type=\"post\" data-id=\"10069\">No hay m\u00e1s poes\u00eda que la acci\u00f3n<\/a> &#8211; 2013<\/p>\n\n\n\n<p><\/p>\n\n\n\n<div class=\"wp-block-buttons is-layout-flex wp-block-buttons-is-layout-flex\">\n<div class=\"wp-block-button\"><a class=\"wp-block-button__link wp-element-button\" href=\"https:\/\/blog.uclm.es\/archivoartea\/tag\/teatralidades-expandidas\/\">Ver entradas relacionadas<\/a><\/div>\n<\/div>\n\n\n\n<p><\/p>\n","protected":false},"excerpt":{"rendered":"<p>Sobre la teatralidad social y sobre las realizaciones art\u00edsticas que desbordan el teatro<\/p>\n","protected":false},"author":285,"featured_media":12107,"comment_status":"open","ping_status":"open","sticky":false,"template":"","format":"standard","meta":{"footnotes":""},"categories":[475,479,531],"tags":[],"class_list":["post-12046","post","type-post","status-publish","format-standard","has-post-thumbnail","hentry","category-teatralidades-disidentes","category-teatralidades-expandidas","category-temas"],"_links":{"self":[{"href":"https:\/\/blog.uclm.es\/archivoartea\/wp-json\/wp\/v2\/posts\/12046","targetHints":{"allow":["GET"]}}],"collection":[{"href":"https:\/\/blog.uclm.es\/archivoartea\/wp-json\/wp\/v2\/posts"}],"about":[{"href":"https:\/\/blog.uclm.es\/archivoartea\/wp-json\/wp\/v2\/types\/post"}],"author":[{"embeddable":true,"href":"https:\/\/blog.uclm.es\/archivoartea\/wp-json\/wp\/v2\/users\/285"}],"replies":[{"embeddable":true,"href":"https:\/\/blog.uclm.es\/archivoartea\/wp-json\/wp\/v2\/comments?post=12046"}],"version-history":[{"count":11,"href":"https:\/\/blog.uclm.es\/archivoartea\/wp-json\/wp\/v2\/posts\/12046\/revisions"}],"predecessor-version":[{"id":12959,"href":"https:\/\/blog.uclm.es\/archivoartea\/wp-json\/wp\/v2\/posts\/12046\/revisions\/12959"}],"wp:featuredmedia":[{"embeddable":true,"href":"https:\/\/blog.uclm.es\/archivoartea\/wp-json\/wp\/v2\/media\/12107"}],"wp:attachment":[{"href":"https:\/\/blog.uclm.es\/archivoartea\/wp-json\/wp\/v2\/media?parent=12046"}],"wp:term":[{"taxonomy":"category","embeddable":true,"href":"https:\/\/blog.uclm.es\/archivoartea\/wp-json\/wp\/v2\/categories?post=12046"},{"taxonomy":"post_tag","embeddable":true,"href":"https:\/\/blog.uclm.es\/archivoartea\/wp-json\/wp\/v2\/tags?post=12046"}],"curies":[{"name":"wp","href":"https:\/\/api.w.org\/{rel}","templated":true}]}}