{"id":498,"date":"2020-06-02T10:53:41","date_gmt":"2020-06-02T09:53:41","guid":{"rendered":"http:\/\/blog.uclm.es\/albertomunoz\/?p=498"},"modified":"2020-06-02T10:53:41","modified_gmt":"2020-06-02T09:53:41","slug":"abai-epilogo","status":"publish","type":"post","link":"https:\/\/blog.uclm.es\/albertomunoz\/2020\/06\/02\/abai-epilogo\/","title":{"rendered":"ABAI &#8211; Ep\u00edlogo"},"content":{"rendered":"\n<p>Sobre el curso <em><strong>Aspectos b\u00e1sicos de la actividad investigadora<\/strong><\/em> que ahora termina me gustar\u00eda hacer tres brev\u00edsimas reflexiones:<\/p>\n\n\n\n<ol class=\"wp-block-list\"><li>Me parece imprescindible que se fomente la formaci\u00f3n cient\u00edfica de la sociedad en su conjunto. La del gremio de investigadores se deber\u00eda dar por supuesta o, al menos, va impl\u00edcita en los requisitos para poder ejercer la profesi\u00f3n (investigar, leer mucho, escribir, publicar, divulgar). Pero creo que nuestra sociedad, especialmente por nuestra historia y cultura dogm\u00e1tica, tiene un gran d\u00e9ficit en lo que de pensamiento cr\u00edtico y honesto puede aportar la ciencia.<\/li><li>Quiero insistir en que el perfil investigador y, en general, el enfrentamiento con cualquier reto, personal o profesional, exige m\u00e1s Actitud que cualquier otro recurso del que se disponga (conocimientos, experiencia, etc.). La actitud es el indicador de la calidad y del rigor de un investigador y de cualquier persona que en el siempre complejo camino de encontrar verdades debe, al menos, identificar y disipar falsedades.<\/li><li>Cuesti\u00f3n ya m\u00e1s vinculada con la disciplina propia ser\u00e1 dedicar m\u00e1s tiempo para determinar si la Contabilidad es ciencia o es un arte.<\/li><\/ol>\n\n\n\n<p>En todo caso, gracias a Joaqu\u00edn Sevilla por su actitud para generar curiosidad y las claves para aumentarla m\u00e1s all\u00e1 de los l\u00edmites del propio curso.<\/p>\n\n\n\n<p>P.D. Por cierto que, muy a tenor de lo aprendido en el curso, recomiendo la lectura de la novela que estos d\u00edas estoy terminando, en homenaje al aniversario de la muerte de Benito P\u00e9rez Gald\u00f3s: \u00ab<em><strong><a href=\"https:\/\/es.wikipedia.org\/wiki\/La_familia_de_Le%C3%B3n_Roch\">La familia de Le\u00f3n Roch<\/a><\/strong><\/em>\u00ab. Donde el enfrentamiento entre dogmatismo religioso y pensamiento cient\u00edfico est\u00e1 servido.<\/p>\n","protected":false},"excerpt":{"rendered":"<p>Sobre el curso Aspectos b\u00e1sicos de la actividad investigadora que ahora termina me gustar\u00eda hacer tres brev\u00edsimas reflexiones: Me parece imprescindible que se fomente la formaci\u00f3n cient\u00edfica de la sociedad en su conjunto. La del gremio de investigadores se deber\u00eda &hellip; <a href=\"https:\/\/blog.uclm.es\/albertomunoz\/2020\/06\/02\/abai-epilogo\/\">Sigue leyendo <span class=\"meta-nav\">&rarr;<\/span><\/a><\/p>\n","protected":false},"author":101,"featured_media":0,"comment_status":"closed","ping_status":"closed","sticky":false,"template":"","format":"standard","meta":{"footnotes":""},"categories":[2],"tags":[],"class_list":["post-498","post","type-post","status-publish","format-standard","hentry","category-blog"],"_links":{"self":[{"href":"https:\/\/blog.uclm.es\/albertomunoz\/wp-json\/wp\/v2\/posts\/498","targetHints":{"allow":["GET"]}}],"collection":[{"href":"https:\/\/blog.uclm.es\/albertomunoz\/wp-json\/wp\/v2\/posts"}],"about":[{"href":"https:\/\/blog.uclm.es\/albertomunoz\/wp-json\/wp\/v2\/types\/post"}],"author":[{"embeddable":true,"href":"https:\/\/blog.uclm.es\/albertomunoz\/wp-json\/wp\/v2\/users\/101"}],"replies":[{"embeddable":true,"href":"https:\/\/blog.uclm.es\/albertomunoz\/wp-json\/wp\/v2\/comments?post=498"}],"version-history":[{"count":0,"href":"https:\/\/blog.uclm.es\/albertomunoz\/wp-json\/wp\/v2\/posts\/498\/revisions"}],"wp:attachment":[{"href":"https:\/\/blog.uclm.es\/albertomunoz\/wp-json\/wp\/v2\/media?parent=498"}],"wp:term":[{"taxonomy":"category","embeddable":true,"href":"https:\/\/blog.uclm.es\/albertomunoz\/wp-json\/wp\/v2\/categories?post=498"},{"taxonomy":"post_tag","embeddable":true,"href":"https:\/\/blog.uclm.es\/albertomunoz\/wp-json\/wp\/v2\/tags?post=498"}],"curies":[{"name":"wp","href":"https:\/\/api.w.org\/{rel}","templated":true}]}}