{"id":394,"date":"2018-10-22T21:43:28","date_gmt":"2018-10-22T20:43:28","guid":{"rendered":"http:\/\/blog.uclm.es\/albertomunoz\/?p=394"},"modified":"2018-10-22T21:43:28","modified_gmt":"2018-10-22T20:43:28","slug":"congreso-internacional-de-evaluacion-de-politicas-publicas","status":"publish","type":"post","link":"https:\/\/blog.uclm.es\/albertomunoz\/2018\/10\/22\/congreso-internacional-de-evaluacion-de-politicas-publicas\/","title":{"rendered":"Congreso Internacional de Evaluaci\u00f3n de Pol\u00edticas P\u00fablicas"},"content":{"rendered":"<h5 style=\"text-align: justify\">El d\u00eda 22 de Octubre se celebr\u00f3 en Sevilla el <a href=\"http:\/\/www.sociedadevaluacion.org\/\"><em>Congreso Internacional de Evaluaci\u00f3n de la Sociedad Espa\u00f1ola de Evaluaci\u00f3n<\/em><\/a>, dentro del marco de la C\u00e1tedra Carlos Rom\u00e1n de Evaluaci\u00f3n de Pol\u00edticas P\u00fablicas de la Universidad de Sevilla. Un programa completo, con contenidos te\u00f3ricos, pr\u00e1cticos e institucionales. Destaco la conferencia impartida por el profesor Nerio Neirotti cargada de experiencia profesional y humana.<br \/>\nEn el Panel de experencias de evaluaci\u00f3n de las Pol\u00edticas p\u00fablicas, particip\u00e9 con una exposici\u00f3n sobre la Evaluaci\u00f3n de las pol\u00edticas culturales desde un enfoque municipal, donde expuse la necesidad de evaluar este tipo de pol\u00edticas, los modelos existentes en el \u00e1mbito internacional y su traslaci\u00f3n a nuestro entorno m\u00e1s pr\u00f3ximo. Una experiencia siempre enriquecedora al compartir dudas, estrategios y retos.<\/h5>\n\n\t\t<style type=\"text\/css\">\n\t\t\t#gallery-1 {\n\t\t\t\tmargin: auto;\n\t\t\t}\n\t\t\t#gallery-1 .gallery-item {\n\t\t\t\tfloat: left;\n\t\t\t\tmargin-top: 10px;\n\t\t\t\ttext-align: center;\n\t\t\t\twidth: 50%;\n\t\t\t}\n\t\t\t#gallery-1 img {\n\t\t\t\tborder: 2px solid #cfcfcf;\n\t\t\t}\n\t\t\t#gallery-1 .gallery-caption {\n\t\t\t\tmargin-left: 0;\n\t\t\t}\n\t\t\t\/* see gallery_shortcode() in wp-includes\/media.php *\/\n\t\t<\/style>\n\t\t<div id='gallery-1' class='gallery galleryid-394 gallery-columns-2 gallery-size-large'><dl class='gallery-item'>\n\t\t\t<dt class='gallery-icon landscape'>\n\t\t\t\t<a href='https:\/\/blog.uclm.es\/albertomunoz\/2018\/10\/22\/congreso-internacional-de-evaluacion-de-politicas-publicas\/17a705_081f20221d5446c994dacbcf7c551a5dmv2\/'><img loading=\"lazy\" decoding=\"async\" width=\"584\" height=\"393\" src=\"https:\/\/blog.uclm.es\/albertomunoz\/wp-content\/uploads\/sites\/99\/2018\/10\/17a705_081f20221d5446c994dacbcf7c551a5dmv2.jpg\" class=\"attachment-large size-large\" alt=\"\" srcset=\"https:\/\/blog.uclm.es\/albertomunoz\/wp-content\/uploads\/sites\/99\/2018\/10\/17a705_081f20221d5446c994dacbcf7c551a5dmv2.jpg 739w, https:\/\/blog.uclm.es\/albertomunoz\/wp-content\/uploads\/sites\/99\/2018\/10\/17a705_081f20221d5446c994dacbcf7c551a5dmv2-300x202.jpg 300w, https:\/\/blog.uclm.es\/albertomunoz\/wp-content\/uploads\/sites\/99\/2018\/10\/17a705_081f20221d5446c994dacbcf7c551a5dmv2-446x300.jpg 446w\" sizes=\"auto, (max-width: 584px) 100vw, 584px\" \/><\/a>\n\t\t\t<\/dt><\/dl><dl class='gallery-item'>\n\t\t\t<dt class='gallery-icon landscape'>\n\t\t\t\t<a href='https:\/\/blog.uclm.es\/albertomunoz\/2018\/10\/22\/congreso-internacional-de-evaluacion-de-politicas-publicas\/17a705_189ed41db9774da485fc3d71df88b625mv2\/'><img loading=\"lazy\" decoding=\"async\" width=\"584\" height=\"393\" src=\"https:\/\/blog.uclm.es\/albertomunoz\/wp-content\/uploads\/sites\/99\/2018\/10\/17a705_189ed41db9774da485fc3d71df88b625mv2.jpg\" class=\"attachment-large size-large\" alt=\"\" srcset=\"https:\/\/blog.uclm.es\/albertomunoz\/wp-content\/uploads\/sites\/99\/2018\/10\/17a705_189ed41db9774da485fc3d71df88b625mv2.jpg 739w, https:\/\/blog.uclm.es\/albertomunoz\/wp-content\/uploads\/sites\/99\/2018\/10\/17a705_189ed41db9774da485fc3d71df88b625mv2-300x202.jpg 300w, https:\/\/blog.uclm.es\/albertomunoz\/wp-content\/uploads\/sites\/99\/2018\/10\/17a705_189ed41db9774da485fc3d71df88b625mv2-446x300.jpg 446w\" sizes=\"auto, (max-width: 584px) 100vw, 584px\" \/><\/a>\n\t\t\t<\/dt><\/dl><br style=\"clear: both\" \/><dl class='gallery-item'>\n\t\t\t<dt class='gallery-icon landscape'>\n\t\t\t\t<a href='https:\/\/blog.uclm.es\/albertomunoz\/2018\/10\/22\/congreso-internacional-de-evaluacion-de-politicas-publicas\/17a705_0d318c6d69fd4ba6a12e2d7107050a9fmv2\/'><img loading=\"lazy\" decoding=\"async\" width=\"584\" height=\"393\" src=\"https:\/\/blog.uclm.es\/albertomunoz\/wp-content\/uploads\/sites\/99\/2018\/10\/17a705_0d318c6d69fd4ba6a12e2d7107050a9fmv2.jpg\" class=\"attachment-large size-large\" alt=\"\" srcset=\"https:\/\/blog.uclm.es\/albertomunoz\/wp-content\/uploads\/sites\/99\/2018\/10\/17a705_0d318c6d69fd4ba6a12e2d7107050a9fmv2.jpg 739w, https:\/\/blog.uclm.es\/albertomunoz\/wp-content\/uploads\/sites\/99\/2018\/10\/17a705_0d318c6d69fd4ba6a12e2d7107050a9fmv2-300x202.jpg 300w, https:\/\/blog.uclm.es\/albertomunoz\/wp-content\/uploads\/sites\/99\/2018\/10\/17a705_0d318c6d69fd4ba6a12e2d7107050a9fmv2-446x300.jpg 446w\" sizes=\"auto, (max-width: 584px) 100vw, 584px\" \/><\/a>\n\t\t\t<\/dt><\/dl><dl class='gallery-item'>\n\t\t\t<dt class='gallery-icon landscape'>\n\t\t\t\t<a href='https:\/\/blog.uclm.es\/albertomunoz\/2018\/10\/22\/congreso-internacional-de-evaluacion-de-politicas-publicas\/44942051_182020152718061_4976427620594876416_n-webp\/'><img loading=\"lazy\" decoding=\"async\" width=\"425\" height=\"284\" src=\"https:\/\/blog.uclm.es\/albertomunoz\/wp-content\/uploads\/sites\/99\/2018\/10\/44942051_182020152718061_4976427620594876416_n.webp_.png\" class=\"attachment-large size-large\" alt=\"\" srcset=\"https:\/\/blog.uclm.es\/albertomunoz\/wp-content\/uploads\/sites\/99\/2018\/10\/44942051_182020152718061_4976427620594876416_n.webp_.png 425w, https:\/\/blog.uclm.es\/albertomunoz\/wp-content\/uploads\/sites\/99\/2018\/10\/44942051_182020152718061_4976427620594876416_n.webp_-300x200.png 300w\" sizes=\"auto, (max-width: 425px) 100vw, 425px\" \/><\/a>\n\t\t\t<\/dt><\/dl><br style=\"clear: both\" \/><dl class='gallery-item'>\n\t\t\t<dt class='gallery-icon landscape'>\n\t\t\t\t<a href='https:\/\/blog.uclm.es\/albertomunoz\/2018\/10\/22\/congreso-internacional-de-evaluacion-de-politicas-publicas\/44883988_1063053650546584_7419964717222854656_n-webp\/'><img loading=\"lazy\" decoding=\"async\" width=\"425\" height=\"284\" src=\"https:\/\/blog.uclm.es\/albertomunoz\/wp-content\/uploads\/sites\/99\/2018\/10\/44883988_1063053650546584_7419964717222854656_n.webp_.png\" class=\"attachment-large size-large\" alt=\"\" srcset=\"https:\/\/blog.uclm.es\/albertomunoz\/wp-content\/uploads\/sites\/99\/2018\/10\/44883988_1063053650546584_7419964717222854656_n.webp_.png 425w, https:\/\/blog.uclm.es\/albertomunoz\/wp-content\/uploads\/sites\/99\/2018\/10\/44883988_1063053650546584_7419964717222854656_n.webp_-300x200.png 300w\" sizes=\"auto, (max-width: 425px) 100vw, 425px\" \/><\/a>\n\t\t\t<\/dt><\/dl><dl class='gallery-item'>\n\t\t\t<dt class='gallery-icon landscape'>\n\t\t\t\t<a href='https:\/\/blog.uclm.es\/albertomunoz\/2018\/10\/22\/congreso-internacional-de-evaluacion-de-politicas-publicas\/17a705_0598b3006300497b99179b5ad3e633f6mv2\/'><img loading=\"lazy\" decoding=\"async\" width=\"584\" height=\"393\" src=\"https:\/\/blog.uclm.es\/albertomunoz\/wp-content\/uploads\/sites\/99\/2018\/10\/17a705_0598b3006300497b99179b5ad3e633f6mv2.jpg\" class=\"attachment-large size-large\" alt=\"\" srcset=\"https:\/\/blog.uclm.es\/albertomunoz\/wp-content\/uploads\/sites\/99\/2018\/10\/17a705_0598b3006300497b99179b5ad3e633f6mv2.jpg 739w, https:\/\/blog.uclm.es\/albertomunoz\/wp-content\/uploads\/sites\/99\/2018\/10\/17a705_0598b3006300497b99179b5ad3e633f6mv2-300x202.jpg 300w, https:\/\/blog.uclm.es\/albertomunoz\/wp-content\/uploads\/sites\/99\/2018\/10\/17a705_0598b3006300497b99179b5ad3e633f6mv2-446x300.jpg 446w\" sizes=\"auto, (max-width: 584px) 100vw, 584px\" \/><\/a>\n\t\t\t<\/dt><\/dl><br style=\"clear: both\" \/>\n\t\t<\/div>\n\n","protected":false},"excerpt":{"rendered":"<p>El d\u00eda 22 de Octubre se celebr\u00f3 en Sevilla el Congreso Internacional de Evaluaci\u00f3n de la Sociedad Espa\u00f1ola de Evaluaci\u00f3n, dentro del marco de la C\u00e1tedra Carlos Rom\u00e1n de Evaluaci\u00f3n de Pol\u00edticas P\u00fablicas de la Universidad de Sevilla. Un programa &hellip; <a href=\"https:\/\/blog.uclm.es\/albertomunoz\/2018\/10\/22\/congreso-internacional-de-evaluacion-de-politicas-publicas\/\">Sigue leyendo <span class=\"meta-nav\">&rarr;<\/span><\/a><\/p>\n","protected":false},"author":101,"featured_media":0,"comment_status":"closed","ping_status":"closed","sticky":false,"template":"","format":"standard","meta":{"footnotes":""},"categories":[4],"tags":[],"class_list":["post-394","post","type-post","status-publish","format-standard","hentry","category-uncategorized"],"_links":{"self":[{"href":"https:\/\/blog.uclm.es\/albertomunoz\/wp-json\/wp\/v2\/posts\/394","targetHints":{"allow":["GET"]}}],"collection":[{"href":"https:\/\/blog.uclm.es\/albertomunoz\/wp-json\/wp\/v2\/posts"}],"about":[{"href":"https:\/\/blog.uclm.es\/albertomunoz\/wp-json\/wp\/v2\/types\/post"}],"author":[{"embeddable":true,"href":"https:\/\/blog.uclm.es\/albertomunoz\/wp-json\/wp\/v2\/users\/101"}],"replies":[{"embeddable":true,"href":"https:\/\/blog.uclm.es\/albertomunoz\/wp-json\/wp\/v2\/comments?post=394"}],"version-history":[{"count":0,"href":"https:\/\/blog.uclm.es\/albertomunoz\/wp-json\/wp\/v2\/posts\/394\/revisions"}],"wp:attachment":[{"href":"https:\/\/blog.uclm.es\/albertomunoz\/wp-json\/wp\/v2\/media?parent=394"}],"wp:term":[{"taxonomy":"category","embeddable":true,"href":"https:\/\/blog.uclm.es\/albertomunoz\/wp-json\/wp\/v2\/categories?post=394"},{"taxonomy":"post_tag","embeddable":true,"href":"https:\/\/blog.uclm.es\/albertomunoz\/wp-json\/wp\/v2\/tags?post=394"}],"curies":[{"name":"wp","href":"https:\/\/api.w.org\/{rel}","templated":true}]}}