{"id":392,"date":"2017-11-13T22:39:48","date_gmt":"2017-11-13T21:39:48","guid":{"rendered":"http:\/\/blog.uclm.es\/albertomunoz\/?p=392"},"modified":"2017-11-13T22:39:48","modified_gmt":"2017-11-13T21:39:48","slug":"en-la-bieneal-internacional-de-la-sociedad-espanola-de-evaluacion","status":"publish","type":"post","link":"https:\/\/blog.uclm.es\/albertomunoz\/2017\/11\/13\/en-la-bieneal-internacional-de-la-sociedad-espanola-de-evaluacion\/","title":{"rendered":"En la Bieneal Internacional de la Sociedad Espa\u00f1ola de Evaluaci\u00f3n"},"content":{"rendered":"<h4 class=\"font_6\" style=\"text-align: justify\"><span class=\"color_19\">El 13 de noviembre asist\u00ed a la <em>X Conferencia Bienal Internacional de la Sociedad Espa\u00f1ola de Evaluaci\u00f3n. <\/em><\/span><span class=\"color_19\"><em>\u00abEl futuro de la Evaluaci\u00f3n de las Pol\u00edticas P\u00fablicas\u00bb<\/em>. <\/span>Foro para conocer el estado actual de la evaluaci\u00f3n de las pol\u00edticas p\u00fablicas, organizado por la Sociedad Espa\u00f1ola de Evaluaci\u00f3n. Como siempre, enfoques locales e internacionales, y experiencias de evaluaciones. Un triple pilar para mejorar la calidad democr\u00e1tica: Participaci\u00f3n &#8211; Transparencia &#8211; Evaluaci\u00f3n.<\/h4>\n\n\t\t<style type=\"text\/css\">\n\t\t\t#gallery-1 {\n\t\t\t\tmargin: auto;\n\t\t\t}\n\t\t\t#gallery-1 .gallery-item {\n\t\t\t\tfloat: left;\n\t\t\t\tmargin-top: 10px;\n\t\t\t\ttext-align: center;\n\t\t\t\twidth: 50%;\n\t\t\t}\n\t\t\t#gallery-1 img {\n\t\t\t\tborder: 2px solid #cfcfcf;\n\t\t\t}\n\t\t\t#gallery-1 .gallery-caption {\n\t\t\t\tmargin-left: 0;\n\t\t\t}\n\t\t\t\/* see gallery_shortcode() in wp-includes\/media.php *\/\n\t\t<\/style>\n\t\t<div id='gallery-1' class='gallery galleryid-392 gallery-columns-2 gallery-size-large'><dl class='gallery-item'>\n\t\t\t<dt class='gallery-icon landscape'>\n\t\t\t\t<a href='https:\/\/blog.uclm.es\/albertomunoz\/2017\/11\/13\/en-la-bieneal-internacional-de-la-sociedad-espanola-de-evaluacion\/17a705_7d5ace37cc164e809309604faaa653b3mv2_d_2592_1944_s_2\/'><img loading=\"lazy\" decoding=\"async\" width=\"584\" height=\"438\" src=\"https:\/\/blog.uclm.es\/albertomunoz\/wp-content\/uploads\/sites\/99\/2018\/10\/17a705_7d5ace37cc164e809309604faaa653b3mv2_d_2592_1944_s_2.jpg\" class=\"attachment-large size-large\" alt=\"\" srcset=\"https:\/\/blog.uclm.es\/albertomunoz\/wp-content\/uploads\/sites\/99\/2018\/10\/17a705_7d5ace37cc164e809309604faaa653b3mv2_d_2592_1944_s_2.jpg 587w, https:\/\/blog.uclm.es\/albertomunoz\/wp-content\/uploads\/sites\/99\/2018\/10\/17a705_7d5ace37cc164e809309604faaa653b3mv2_d_2592_1944_s_2-300x225.jpg 300w, https:\/\/blog.uclm.es\/albertomunoz\/wp-content\/uploads\/sites\/99\/2018\/10\/17a705_7d5ace37cc164e809309604faaa653b3mv2_d_2592_1944_s_2-400x300.jpg 400w\" sizes=\"auto, (max-width: 584px) 100vw, 584px\" \/><\/a>\n\t\t\t<\/dt><\/dl><dl class='gallery-item'>\n\t\t\t<dt class='gallery-icon landscape'>\n\t\t\t\t<a href='https:\/\/blog.uclm.es\/albertomunoz\/2017\/11\/13\/en-la-bieneal-internacional-de-la-sociedad-espanola-de-evaluacion\/iop\/'><img loading=\"lazy\" decoding=\"async\" width=\"584\" height=\"438\" src=\"https:\/\/blog.uclm.es\/albertomunoz\/wp-content\/uploads\/sites\/99\/2018\/10\/iop.jpg\" class=\"attachment-large size-large\" alt=\"\" srcset=\"https:\/\/blog.uclm.es\/albertomunoz\/wp-content\/uploads\/sites\/99\/2018\/10\/iop.jpg 587w, https:\/\/blog.uclm.es\/albertomunoz\/wp-content\/uploads\/sites\/99\/2018\/10\/iop-300x225.jpg 300w, https:\/\/blog.uclm.es\/albertomunoz\/wp-content\/uploads\/sites\/99\/2018\/10\/iop-400x300.jpg 400w\" sizes=\"auto, (max-width: 584px) 100vw, 584px\" \/><\/a>\n\t\t\t<\/dt><\/dl><br style=\"clear: both\" \/><dl class='gallery-item'>\n\t\t\t<dt class='gallery-icon landscape'>\n\t\t\t\t<a href='https:\/\/blog.uclm.es\/albertomunoz\/2017\/11\/13\/en-la-bieneal-internacional-de-la-sociedad-espanola-de-evaluacion\/17a705_231c9ecb1fb540879e594d1c4a06b6e7mv2_d_2592_1944_s_2\/'><img loading=\"lazy\" decoding=\"async\" width=\"584\" height=\"438\" src=\"https:\/\/blog.uclm.es\/albertomunoz\/wp-content\/uploads\/sites\/99\/2018\/10\/17a705_231c9ecb1fb540879e594d1c4a06b6e7mv2_d_2592_1944_s_2.jpg\" class=\"attachment-large size-large\" alt=\"\" srcset=\"https:\/\/blog.uclm.es\/albertomunoz\/wp-content\/uploads\/sites\/99\/2018\/10\/17a705_231c9ecb1fb540879e594d1c4a06b6e7mv2_d_2592_1944_s_2.jpg 587w, https:\/\/blog.uclm.es\/albertomunoz\/wp-content\/uploads\/sites\/99\/2018\/10\/17a705_231c9ecb1fb540879e594d1c4a06b6e7mv2_d_2592_1944_s_2-300x225.jpg 300w, https:\/\/blog.uclm.es\/albertomunoz\/wp-content\/uploads\/sites\/99\/2018\/10\/17a705_231c9ecb1fb540879e594d1c4a06b6e7mv2_d_2592_1944_s_2-400x300.jpg 400w\" sizes=\"auto, (max-width: 584px) 100vw, 584px\" \/><\/a>\n\t\t\t<\/dt><\/dl><dl class='gallery-item'>\n\t\t\t<dt class='gallery-icon landscape'>\n\t\t\t\t<a href='https:\/\/blog.uclm.es\/albertomunoz\/2017\/11\/13\/en-la-bieneal-internacional-de-la-sociedad-espanola-de-evaluacion\/17a705_99356f3dfbea47789179daf13cce3b60mv2\/'><img loading=\"lazy\" decoding=\"async\" width=\"584\" height=\"391\" src=\"https:\/\/blog.uclm.es\/albertomunoz\/wp-content\/uploads\/sites\/99\/2018\/10\/17a705_99356f3dfbea47789179daf13cce3b60mv2.jpg\" class=\"attachment-large size-large\" alt=\"\" srcset=\"https:\/\/blog.uclm.es\/albertomunoz\/wp-content\/uploads\/sites\/99\/2018\/10\/17a705_99356f3dfbea47789179daf13cce3b60mv2.jpg 658w, https:\/\/blog.uclm.es\/albertomunoz\/wp-content\/uploads\/sites\/99\/2018\/10\/17a705_99356f3dfbea47789179daf13cce3b60mv2-300x201.jpg 300w, https:\/\/blog.uclm.es\/albertomunoz\/wp-content\/uploads\/sites\/99\/2018\/10\/17a705_99356f3dfbea47789179daf13cce3b60mv2-449x300.jpg 449w\" sizes=\"auto, (max-width: 584px) 100vw, 584px\" \/><\/a>\n\t\t\t<\/dt><\/dl><br style=\"clear: both\" \/>\n\t\t<\/div>\n\n","protected":false},"excerpt":{"rendered":"<p>El 13 de noviembre asist\u00ed a la X Conferencia Bienal Internacional de la Sociedad Espa\u00f1ola de Evaluaci\u00f3n. \u00abEl futuro de la Evaluaci\u00f3n de las Pol\u00edticas P\u00fablicas\u00bb. Foro para conocer el estado actual de la evaluaci\u00f3n de las pol\u00edticas p\u00fablicas, organizado &hellip; <a href=\"https:\/\/blog.uclm.es\/albertomunoz\/2017\/11\/13\/en-la-bieneal-internacional-de-la-sociedad-espanola-de-evaluacion\/\">Sigue leyendo <span class=\"meta-nav\">&rarr;<\/span><\/a><\/p>\n","protected":false},"author":101,"featured_media":450,"comment_status":"closed","ping_status":"closed","sticky":false,"template":"","format":"standard","meta":{"footnotes":""},"categories":[2],"tags":[],"class_list":["post-392","post","type-post","status-publish","format-standard","has-post-thumbnail","hentry","category-blog"],"_links":{"self":[{"href":"https:\/\/blog.uclm.es\/albertomunoz\/wp-json\/wp\/v2\/posts\/392","targetHints":{"allow":["GET"]}}],"collection":[{"href":"https:\/\/blog.uclm.es\/albertomunoz\/wp-json\/wp\/v2\/posts"}],"about":[{"href":"https:\/\/blog.uclm.es\/albertomunoz\/wp-json\/wp\/v2\/types\/post"}],"author":[{"embeddable":true,"href":"https:\/\/blog.uclm.es\/albertomunoz\/wp-json\/wp\/v2\/users\/101"}],"replies":[{"embeddable":true,"href":"https:\/\/blog.uclm.es\/albertomunoz\/wp-json\/wp\/v2\/comments?post=392"}],"version-history":[{"count":0,"href":"https:\/\/blog.uclm.es\/albertomunoz\/wp-json\/wp\/v2\/posts\/392\/revisions"}],"wp:featuredmedia":[{"embeddable":true,"href":"https:\/\/blog.uclm.es\/albertomunoz\/wp-json\/wp\/v2\/media\/450"}],"wp:attachment":[{"href":"https:\/\/blog.uclm.es\/albertomunoz\/wp-json\/wp\/v2\/media?parent=392"}],"wp:term":[{"taxonomy":"category","embeddable":true,"href":"https:\/\/blog.uclm.es\/albertomunoz\/wp-json\/wp\/v2\/categories?post=392"},{"taxonomy":"post_tag","embeddable":true,"href":"https:\/\/blog.uclm.es\/albertomunoz\/wp-json\/wp\/v2\/tags?post=392"}],"curies":[{"name":"wp","href":"https:\/\/api.w.org\/{rel}","templated":true}]}}