{"id":376,"date":"2018-07-12T15:04:59","date_gmt":"2018-07-12T14:04:59","guid":{"rendered":"http:\/\/blog.uclm.es\/albertomunoz\/?p=376"},"modified":"2018-07-12T15:04:59","modified_gmt":"2018-07-12T14:04:59","slug":"un-enfoque-internacional-para-la-politica-cultural-local","status":"publish","type":"post","link":"https:\/\/blog.uclm.es\/albertomunoz\/2018\/07\/12\/un-enfoque-internacional-para-la-politica-cultural-local\/","title":{"rendered":"Un enfoque internacional para la pol\u00edtica cultural local"},"content":{"rendered":"<h4 style=\"text-align: justify\">En el marco del Postgrado Iberoamericano en Gobierno y Pol\u00edticas P\u00fablicas Locales no pod\u00eda faltar la perspectiva de la pol\u00edtica cultural. Una pol\u00edtica p\u00fablica fundamental en la construcci\u00f3n de la sociedad local. La perspectiva de la Cultura como una necesida, un recurso y un derecho exige el dise\u00f1o e implementaci\u00f3n de pol\u00edticas p\u00fablicas. Especialmente en el \u00e1mbito de mayor pr\u00f3ximidad entre creaci\u00f3n y acceso a la cultura.<br \/>\nLa participaci\u00f3n en el Postgrado de responsables t\u00e9cnicos y pol\u00edticos de diferentes pa\u00edses iberoamericanos ha exigido hacer una exposici\u00f3n con un marcado car\u00e1cter internacional. Y ha permitido generar un espacio de debate sobre pr\u00e1cticas y experiencias reales, as\u00ed como la necesidad de dotar al municipio de pol\u00edticas culturales apartadas de criterios arbitrarios y ocurrenciales, y enfocadas hacia modelos coherentes, racionales, abiertos y participativos capaces de poner la Cultura al servicio de la transformaci\u00f3n social.<br \/>\n<img loading=\"lazy\" decoding=\"async\" class=\"aligncenter wp-image-377 size-large\" src=\"https:\/\/blog.uclm.es\/albertomunoz\/wp-content\/uploads\/sites\/99\/2018\/10\/IMG_2641-1024x683.jpg\" alt=\"\" width=\"584\" height=\"390\" srcset=\"https:\/\/blog.uclm.es\/albertomunoz\/wp-content\/uploads\/sites\/99\/2018\/10\/IMG_2641-1024x683.jpg 1024w, https:\/\/blog.uclm.es\/albertomunoz\/wp-content\/uploads\/sites\/99\/2018\/10\/IMG_2641-300x200.jpg 300w, https:\/\/blog.uclm.es\/albertomunoz\/wp-content\/uploads\/sites\/99\/2018\/10\/IMG_2641-768x512.jpg 768w, https:\/\/blog.uclm.es\/albertomunoz\/wp-content\/uploads\/sites\/99\/2018\/10\/IMG_2641-1536x1024.jpg 1536w, https:\/\/blog.uclm.es\/albertomunoz\/wp-content\/uploads\/sites\/99\/2018\/10\/IMG_2641-2048x1365.jpg 2048w, https:\/\/blog.uclm.es\/albertomunoz\/wp-content\/uploads\/sites\/99\/2018\/10\/IMG_2641-450x300.jpg 450w\" sizes=\"auto, (max-width: 584px) 100vw, 584px\" \/><\/h4>\n","protected":false},"excerpt":{"rendered":"<p>En el marco del Postgrado Iberoamericano en Gobierno y Pol\u00edticas P\u00fablicas Locales no pod\u00eda faltar la perspectiva de la pol\u00edtica cultural. Una pol\u00edtica p\u00fablica fundamental en la construcci\u00f3n de la sociedad local. La perspectiva de la Cultura como una necesida, &hellip; <a href=\"https:\/\/blog.uclm.es\/albertomunoz\/2018\/07\/12\/un-enfoque-internacional-para-la-politica-cultural-local\/\">Sigue leyendo <span class=\"meta-nav\">&rarr;<\/span><\/a><\/p>\n","protected":false},"author":101,"featured_media":447,"comment_status":"closed","ping_status":"closed","sticky":false,"template":"","format":"standard","meta":{"footnotes":""},"categories":[2],"tags":[],"class_list":["post-376","post","type-post","status-publish","format-standard","has-post-thumbnail","hentry","category-blog"],"_links":{"self":[{"href":"https:\/\/blog.uclm.es\/albertomunoz\/wp-json\/wp\/v2\/posts\/376","targetHints":{"allow":["GET"]}}],"collection":[{"href":"https:\/\/blog.uclm.es\/albertomunoz\/wp-json\/wp\/v2\/posts"}],"about":[{"href":"https:\/\/blog.uclm.es\/albertomunoz\/wp-json\/wp\/v2\/types\/post"}],"author":[{"embeddable":true,"href":"https:\/\/blog.uclm.es\/albertomunoz\/wp-json\/wp\/v2\/users\/101"}],"replies":[{"embeddable":true,"href":"https:\/\/blog.uclm.es\/albertomunoz\/wp-json\/wp\/v2\/comments?post=376"}],"version-history":[{"count":0,"href":"https:\/\/blog.uclm.es\/albertomunoz\/wp-json\/wp\/v2\/posts\/376\/revisions"}],"wp:featuredmedia":[{"embeddable":true,"href":"https:\/\/blog.uclm.es\/albertomunoz\/wp-json\/wp\/v2\/media\/447"}],"wp:attachment":[{"href":"https:\/\/blog.uclm.es\/albertomunoz\/wp-json\/wp\/v2\/media?parent=376"}],"wp:term":[{"taxonomy":"category","embeddable":true,"href":"https:\/\/blog.uclm.es\/albertomunoz\/wp-json\/wp\/v2\/categories?post=376"},{"taxonomy":"post_tag","embeddable":true,"href":"https:\/\/blog.uclm.es\/albertomunoz\/wp-json\/wp\/v2\/tags?post=376"}],"curies":[{"name":"wp","href":"https:\/\/api.w.org\/{rel}","templated":true}]}}