{"id":369,"date":"2018-06-12T09:55:21","date_gmt":"2018-06-12T08:55:21","guid":{"rendered":"http:\/\/blog.uclm.es\/albertomunoz\/?p=369"},"modified":"2018-06-12T09:55:21","modified_gmt":"2018-06-12T08:55:21","slug":"369","status":"publish","type":"post","link":"https:\/\/blog.uclm.es\/albertomunoz\/2018\/06\/12\/369\/","title":{"rendered":"Empezamos a trabajar en un interesante proyecto sobre multinacionales y derechos humanos"},"content":{"rendered":"<h4 style=\"text-align: justify\">El d\u00eda 12 de Junio nos hemos reunido para empezar a organizar el proyecto \u00abResponsabilidad penal de la empresas multinacionales por violaciones a los derechos humanos y al medio ambiente\u00bb. Desde un enfoque multidisciplinar vamos a ver si podemos aportar herramientas para identificar acciones empresariales nocivas para los derechos humanos y el medio ambiente. En este objetivo, el \u00e1rea contable tiene como tarea organizar una Jornada sobre Informaci\u00f3n no financiera, que tendr\u00e1 lugar el 28 de Octubre en la Universidad Carlos III de Madrid.<br \/>\nLa Informaci\u00f3n no financiera recoge aspectos relacionados con el personal, la responsabilidad social, etc. \u00bfTenemos herramientas suficientes para detectera a trav\u00e9s de los informes no financieros la comisi\u00f3n de irregularidades? Intentamos averiguarlo.<img loading=\"lazy\" decoding=\"async\" class=\"alignnone size-large wp-image-370\" src=\"https:\/\/blog.uclm.es\/albertomunoz\/wp-content\/uploads\/sites\/99\/2018\/07\/Repmult-1024x768.jpg\" alt=\"\" width=\"584\" height=\"438\" srcset=\"https:\/\/blog.uclm.es\/albertomunoz\/wp-content\/uploads\/sites\/99\/2018\/07\/Repmult-1024x768.jpg 1024w, https:\/\/blog.uclm.es\/albertomunoz\/wp-content\/uploads\/sites\/99\/2018\/07\/Repmult-300x225.jpg 300w, https:\/\/blog.uclm.es\/albertomunoz\/wp-content\/uploads\/sites\/99\/2018\/07\/Repmult-768x576.jpg 768w, https:\/\/blog.uclm.es\/albertomunoz\/wp-content\/uploads\/sites\/99\/2018\/07\/Repmult-1536x1152.jpg 1536w, https:\/\/blog.uclm.es\/albertomunoz\/wp-content\/uploads\/sites\/99\/2018\/07\/Repmult-2048x1536.jpg 2048w, https:\/\/blog.uclm.es\/albertomunoz\/wp-content\/uploads\/sites\/99\/2018\/07\/Repmult-400x300.jpg 400w\" sizes=\"auto, (max-width: 584px) 100vw, 584px\" \/><\/h4>\n","protected":false},"excerpt":{"rendered":"<p>El d\u00eda 12 de Junio nos hemos reunido para empezar a organizar el proyecto \u00abResponsabilidad penal de la empresas multinacionales por violaciones a los derechos humanos y al medio ambiente\u00bb. Desde un enfoque multidisciplinar vamos a ver si podemos aportar &hellip; <a href=\"https:\/\/blog.uclm.es\/albertomunoz\/2018\/06\/12\/369\/\">Sigue leyendo <span class=\"meta-nav\">&rarr;<\/span><\/a><\/p>\n","protected":false},"author":101,"featured_media":370,"comment_status":"closed","ping_status":"closed","sticky":false,"template":"","format":"standard","meta":{"footnotes":""},"categories":[2],"tags":[],"class_list":["post-369","post","type-post","status-publish","format-standard","has-post-thumbnail","hentry","category-blog"],"_links":{"self":[{"href":"https:\/\/blog.uclm.es\/albertomunoz\/wp-json\/wp\/v2\/posts\/369","targetHints":{"allow":["GET"]}}],"collection":[{"href":"https:\/\/blog.uclm.es\/albertomunoz\/wp-json\/wp\/v2\/posts"}],"about":[{"href":"https:\/\/blog.uclm.es\/albertomunoz\/wp-json\/wp\/v2\/types\/post"}],"author":[{"embeddable":true,"href":"https:\/\/blog.uclm.es\/albertomunoz\/wp-json\/wp\/v2\/users\/101"}],"replies":[{"embeddable":true,"href":"https:\/\/blog.uclm.es\/albertomunoz\/wp-json\/wp\/v2\/comments?post=369"}],"version-history":[{"count":0,"href":"https:\/\/blog.uclm.es\/albertomunoz\/wp-json\/wp\/v2\/posts\/369\/revisions"}],"wp:featuredmedia":[{"embeddable":true,"href":"https:\/\/blog.uclm.es\/albertomunoz\/wp-json\/wp\/v2\/media\/370"}],"wp:attachment":[{"href":"https:\/\/blog.uclm.es\/albertomunoz\/wp-json\/wp\/v2\/media?parent=369"}],"wp:term":[{"taxonomy":"category","embeddable":true,"href":"https:\/\/blog.uclm.es\/albertomunoz\/wp-json\/wp\/v2\/categories?post=369"},{"taxonomy":"post_tag","embeddable":true,"href":"https:\/\/blog.uclm.es\/albertomunoz\/wp-json\/wp\/v2\/tags?post=369"}],"curies":[{"name":"wp","href":"https:\/\/api.w.org\/{rel}","templated":true}]}}