{"id":364,"date":"2017-06-20T09:36:45","date_gmt":"2017-06-20T08:36:45","guid":{"rendered":"http:\/\/blog.uclm.es\/albertomunoz\/?p=364"},"modified":"2017-06-20T09:36:45","modified_gmt":"2017-06-20T08:36:45","slug":"hablando-de-comprensibilidad-contable-en-el-i-congreso-red-localis","status":"publish","type":"post","link":"https:\/\/blog.uclm.es\/albertomunoz\/2017\/06\/20\/hablando-de-comprensibilidad-contable-en-el-i-congreso-red-localis\/","title":{"rendered":"Hablando de comprensibilidad contable en el I Congreso Red Localis"},"content":{"rendered":"<h4 style=\"text-align: justify\">Durante dos d\u00edas hemos podido compartir experiencias e inquietudes sobre la necesidad de mejorar las pr\u00e1cticas y mecanismos de transparencia p\u00fablica en las entidades locales. En este prop\u00f3sito es fundamental mejorar la comunicaci\u00f3n contable de cara a que los ciudadanos comprendan mejor el lenguaje contable en el que se expresa el presupuesto municipal. El presupuesto no deja de ser una declaraci\u00f3n de intenciones de las diferentes pol\u00edticas que afectar\u00e1n al ciudadano durante cada a\u00f1o, y representa la materializaci\u00f3n de los fondos que los ciudadanos han puesto a disposici\u00f3n de la administraci\u00f3n local para el desarrollo de estas pol\u00edticas.<br \/>\nDe nuevo, insistiemos en la necesidad de hacer m\u00e1s clara, comprensible y cercana la informaci\u00f3n sobre los recursos p\u00fablicos. Sin comprensi\u00f3n no hay participaci\u00f3n efectiva.<br \/>\nLa primera edici\u00f3n del <a href=\"http:\/\/redlocalis.com\/i-congreso-red-localis\/\"><strong><em>Congreso Red Localis<\/em><\/strong><\/a> ha tenido lugar en Orense, una ciudad que tiene un casco hist\u00f3rico sorprendente.<br \/>\n<img loading=\"lazy\" decoding=\"async\" class=\"aligncenter wp-image-365 size-full\" src=\"https:\/\/blog.uclm.es\/albertomunoz\/wp-content\/uploads\/sites\/99\/2018\/07\/slider2-1-1.jpg\" alt=\"\" width=\"1200\" height=\"900\" srcset=\"https:\/\/blog.uclm.es\/albertomunoz\/wp-content\/uploads\/sites\/99\/2018\/07\/slider2-1-1.jpg 1200w, https:\/\/blog.uclm.es\/albertomunoz\/wp-content\/uploads\/sites\/99\/2018\/07\/slider2-1-1-300x225.jpg 300w, https:\/\/blog.uclm.es\/albertomunoz\/wp-content\/uploads\/sites\/99\/2018\/07\/slider2-1-1-1024x768.jpg 1024w, https:\/\/blog.uclm.es\/albertomunoz\/wp-content\/uploads\/sites\/99\/2018\/07\/slider2-1-1-768x576.jpg 768w, https:\/\/blog.uclm.es\/albertomunoz\/wp-content\/uploads\/sites\/99\/2018\/07\/slider2-1-1-400x300.jpg 400w\" sizes=\"auto, (max-width: 1200px) 100vw, 1200px\" \/><\/h4>\n","protected":false},"excerpt":{"rendered":"<p>Durante dos d\u00edas hemos podido compartir experiencias e inquietudes sobre la necesidad de mejorar las pr\u00e1cticas y mecanismos de transparencia p\u00fablica en las entidades locales. En este prop\u00f3sito es fundamental mejorar la comunicaci\u00f3n contable de cara a que los ciudadanos &hellip; <a href=\"https:\/\/blog.uclm.es\/albertomunoz\/2017\/06\/20\/hablando-de-comprensibilidad-contable-en-el-i-congreso-red-localis\/\">Sigue leyendo <span class=\"meta-nav\">&rarr;<\/span><\/a><\/p>\n","protected":false},"author":101,"featured_media":365,"comment_status":"closed","ping_status":"open","sticky":false,"template":"","format":"standard","meta":{"footnotes":""},"categories":[2],"tags":[],"class_list":["post-364","post","type-post","status-publish","format-standard","has-post-thumbnail","hentry","category-blog"],"_links":{"self":[{"href":"https:\/\/blog.uclm.es\/albertomunoz\/wp-json\/wp\/v2\/posts\/364","targetHints":{"allow":["GET"]}}],"collection":[{"href":"https:\/\/blog.uclm.es\/albertomunoz\/wp-json\/wp\/v2\/posts"}],"about":[{"href":"https:\/\/blog.uclm.es\/albertomunoz\/wp-json\/wp\/v2\/types\/post"}],"author":[{"embeddable":true,"href":"https:\/\/blog.uclm.es\/albertomunoz\/wp-json\/wp\/v2\/users\/101"}],"replies":[{"embeddable":true,"href":"https:\/\/blog.uclm.es\/albertomunoz\/wp-json\/wp\/v2\/comments?post=364"}],"version-history":[{"count":0,"href":"https:\/\/blog.uclm.es\/albertomunoz\/wp-json\/wp\/v2\/posts\/364\/revisions"}],"wp:featuredmedia":[{"embeddable":true,"href":"https:\/\/blog.uclm.es\/albertomunoz\/wp-json\/wp\/v2\/media\/365"}],"wp:attachment":[{"href":"https:\/\/blog.uclm.es\/albertomunoz\/wp-json\/wp\/v2\/media?parent=364"}],"wp:term":[{"taxonomy":"category","embeddable":true,"href":"https:\/\/blog.uclm.es\/albertomunoz\/wp-json\/wp\/v2\/categories?post=364"},{"taxonomy":"post_tag","embeddable":true,"href":"https:\/\/blog.uclm.es\/albertomunoz\/wp-json\/wp\/v2\/tags?post=364"}],"curies":[{"name":"wp","href":"https:\/\/api.w.org\/{rel}","templated":true}]}}