{"id":112,"date":"2017-05-23T11:24:34","date_gmt":"2017-05-23T10:24:34","guid":{"rendered":"http:\/\/blogdev.uclm.es\/albertomunoz\/?p=112"},"modified":"2022-11-04T12:14:45","modified_gmt":"2022-11-04T11:14:45","slug":"contabilidad-critica-una-alternativa-interesante-y-necesario","status":"publish","type":"post","link":"https:\/\/blog.uclm.es\/albertomunoz\/2017\/05\/23\/contabilidad-critica-una-alternativa-interesante-y-necesario\/","title":{"rendered":"Contabilidad cr\u00edtica, una alternativa interesante (y necesario)"},"content":{"rendered":"<h3>Interesante entrevista realizada a Pablo Archel, uno de los impulsores de la contabilidad cr\u00edtica en Espa\u00f1a: <a href=\"http:\/\/www.javeriana.edu.co\/fcea\/cuadernos_contab\/vol9_n_24\/vol9_24_11.pdf\">Entrevista sobre contabilidad cr\u00edtica<\/a><\/h3>\n<h3>Y fundamental tambi\u00e9n su libro \u201cTeor\u00eda e investigaci\u00f3n cr\u00edtica en contabilidad\u201d. Se lee con mucho gusto y ejemplifica la potencia del discurso cr\u00edtico mediante el an\u00e1lisis de la informaci\u00f3n contable Volkswagen. Aqu\u00ed la rese\u00f1a que aparece en la web de AECA:<\/h3>\n<blockquote>\n<h3>La investigaci\u00f3n contable realizada desde una perspectiva cr\u00edtica ha alcanzado un interesante grado de madurez en el \u00e1mbito internacional, como lo prueba la existencia de prestigiosas revistas cient\u00edficas especializadas en la divulgaci\u00f3n de este tipo de trabajos. Sin embargo, la investigaci\u00f3n cr\u00edtica en contabilidad cuenta con una escasa tradici\u00f3n en nuestro pa\u00eds.<br \/>\nAs\u00ed las cosas, frente a una investigaci\u00f3n contable realizada de forma mayoritaria sobre la base de la eficiencia de los mercados, la presente monograf\u00eda investiga el papel que juega la contabilidad en la (re)construcci\u00f3n y sostenimiento de las estructuras sociales. A partir del estudio de los informes anuales de una importante firma del sector de automoci\u00f3n correspondientes al periodo 1974-2005, la investigaci\u00f3n analiza e interpreta el discurso contenido en la parte narrativa de los mismos.<br \/>\nLos resultados de la investigaci\u00f3n muestran que el discurso contenido en los informes anuales ha sido utilizado para legitimar la forma en que se produjo el cambio pol\u00edtico que vivi\u00f3 Espa\u00f1a a mediados de los setenta del pasado siglo. A partir de ese momento, el discurso cambia y se orienta en buscar la aprobaci\u00f3n social del cambio organizativo producido en el conjunto de la industria tras el abandono de la producci\u00f3n en masa y la inauguraci\u00f3n de la producci\u00f3n flexible y el suministro just-in-time.<br \/>\nEl informe anual, por tanto, no es la representaci\u00f3n de ninguna realidad subyacente. Al contrario, mediante el uso del lenguaje, el discurso contenido en el informe anual tiene el poder de crear y (re)construir realidades en funci\u00f3n de la ideolog\u00eda desde la que se habla.<\/h3>\n<\/blockquote>\n<p><img loading=\"lazy\" decoding=\"async\" class=\"aligncenter\" src=\"http:\/\/activos.publidisa.com\/portadas\/max\/PORTADA-LIBRO-SPB0152866-MAX.jpg\" alt=\"\" width=\"458\" height=\"648\" \/><\/p>\n","protected":false},"excerpt":{"rendered":"<p>Interesante entrevista realizada a Pablo Archel, uno de los impulsores de la contabilidad cr\u00edtica en Espa\u00f1a: Entrevista sobre contabilidad cr\u00edtica Y fundamental tambi\u00e9n su libro \u201cTeor\u00eda e investigaci\u00f3n cr\u00edtica en contabilidad\u201d. Se lee con mucho gusto y ejemplifica la potencia &hellip; <a href=\"https:\/\/blog.uclm.es\/albertomunoz\/2017\/05\/23\/contabilidad-critica-una-alternativa-interesante-y-necesario\/\">Sigue leyendo <span class=\"meta-nav\">&rarr;<\/span><\/a><\/p>\n","protected":false},"author":101,"featured_media":353,"comment_status":"closed","ping_status":"closed","sticky":false,"template":"","format":"image","meta":{"footnotes":""},"categories":[2],"tags":[],"class_list":["post-112","post","type-post","status-publish","format-image","has-post-thumbnail","hentry","category-blog","post_format-post-format-image"],"_links":{"self":[{"href":"https:\/\/blog.uclm.es\/albertomunoz\/wp-json\/wp\/v2\/posts\/112","targetHints":{"allow":["GET"]}}],"collection":[{"href":"https:\/\/blog.uclm.es\/albertomunoz\/wp-json\/wp\/v2\/posts"}],"about":[{"href":"https:\/\/blog.uclm.es\/albertomunoz\/wp-json\/wp\/v2\/types\/post"}],"author":[{"embeddable":true,"href":"https:\/\/blog.uclm.es\/albertomunoz\/wp-json\/wp\/v2\/users\/101"}],"replies":[{"embeddable":true,"href":"https:\/\/blog.uclm.es\/albertomunoz\/wp-json\/wp\/v2\/comments?post=112"}],"version-history":[{"count":2,"href":"https:\/\/blog.uclm.es\/albertomunoz\/wp-json\/wp\/v2\/posts\/112\/revisions"}],"predecessor-version":[{"id":546,"href":"https:\/\/blog.uclm.es\/albertomunoz\/wp-json\/wp\/v2\/posts\/112\/revisions\/546"}],"wp:featuredmedia":[{"embeddable":true,"href":"https:\/\/blog.uclm.es\/albertomunoz\/wp-json\/wp\/v2\/media\/353"}],"wp:attachment":[{"href":"https:\/\/blog.uclm.es\/albertomunoz\/wp-json\/wp\/v2\/media?parent=112"}],"wp:term":[{"taxonomy":"category","embeddable":true,"href":"https:\/\/blog.uclm.es\/albertomunoz\/wp-json\/wp\/v2\/categories?post=112"},{"taxonomy":"post_tag","embeddable":true,"href":"https:\/\/blog.uclm.es\/albertomunoz\/wp-json\/wp\/v2\/tags?post=112"}],"curies":[{"name":"wp","href":"https:\/\/api.w.org\/{rel}","templated":true}]}}