{"id":110,"date":"2017-05-23T11:24:08","date_gmt":"2017-05-23T10:24:08","guid":{"rendered":"http:\/\/blogdev.uclm.es\/albertomunoz\/?p=110"},"modified":"2017-05-23T11:24:08","modified_gmt":"2017-05-23T10:24:08","slug":"el-mundo-impreciso-de-la-contabilidad","status":"publish","type":"post","link":"https:\/\/blog.uclm.es\/albertomunoz\/2017\/05\/23\/el-mundo-impreciso-de-la-contabilidad\/","title":{"rendered":"\u201cEl mundo impreciso de la contabilidad\u201d"},"content":{"rendered":"<blockquote>\n<h3><img loading=\"lazy\" decoding=\"async\" class=\"alignleft\" src=\"http:\/\/us.cdn1.123rf.com\/168nwm\/stuartphoto\/stuartphoto1112\/stuartphoto111200102\/11725359-si-no-tal-vez-dados-rojos-en-representacion-de-la-incertidumbre-y-las-decisiones.jpg\" alt=\"\" width=\"168\" height=\"168\">La contabilidad deber\u00eda ser el m\u00e1s sencillo de los temas manejados por los creadores de pol\u00edticas. La contabilidad trata principalmente de describir el pasado \u2013 para reflejar fielmente lo que ya ha ocurrido. Eso deber\u00eda ser un trabajo aburrido, mejor dejarlo a los \u201ccontadores de fr\u00edjoles\u201d. Sin duda, \u00bfcontar frijoles no puede causar muchos problemas?<\/h3>\n<h3>Sin embargo, a lo largo de los a\u00f1os, muchos reguladores de valores me han contado de su sorpresa al enterarse que la pol\u00edtica de contabilidad es uno de los temas m\u00e1s dif\u00edciles y pol\u00e9micos a tratar. Es igual alrededor de todo el mundo. Preg\u00fantele a la FSA japonesa, la SEC de EE.UU. o la Comisi\u00f3n Europea.<\/h3>\n<h3>As\u00ed que, \u00bfpor qu\u00e9 es que la contabilidad es la fuente de esos acalorados debates?<\/h3>\n<\/blockquote>\n<p>Para leer el discurso completo: http:\/\/www.nicniif.org\/home\/novedades\/el-mundo-impreciso-de-la-contabilidad-discurso-por-hans-hoogervorst.html<\/p>\n","protected":false},"excerpt":{"rendered":"<p>La contabilidad deber\u00eda ser el m\u00e1s sencillo de los temas manejados por los creadores de pol\u00edticas. La contabilidad trata principalmente de describir el pasado \u2013 para reflejar fielmente lo que ya ha ocurrido. Eso deber\u00eda ser un trabajo aburrido, mejor &hellip; <a href=\"https:\/\/blog.uclm.es\/albertomunoz\/2017\/05\/23\/el-mundo-impreciso-de-la-contabilidad\/\">Sigue leyendo <span class=\"meta-nav\">&rarr;<\/span><\/a><\/p>\n","protected":false},"author":101,"featured_media":0,"comment_status":"closed","ping_status":"closed","sticky":false,"template":"","format":"standard","meta":{"footnotes":""},"categories":[2],"tags":[],"class_list":["post-110","post","type-post","status-publish","format-standard","hentry","category-blog"],"_links":{"self":[{"href":"https:\/\/blog.uclm.es\/albertomunoz\/wp-json\/wp\/v2\/posts\/110","targetHints":{"allow":["GET"]}}],"collection":[{"href":"https:\/\/blog.uclm.es\/albertomunoz\/wp-json\/wp\/v2\/posts"}],"about":[{"href":"https:\/\/blog.uclm.es\/albertomunoz\/wp-json\/wp\/v2\/types\/post"}],"author":[{"embeddable":true,"href":"https:\/\/blog.uclm.es\/albertomunoz\/wp-json\/wp\/v2\/users\/101"}],"replies":[{"embeddable":true,"href":"https:\/\/blog.uclm.es\/albertomunoz\/wp-json\/wp\/v2\/comments?post=110"}],"version-history":[{"count":0,"href":"https:\/\/blog.uclm.es\/albertomunoz\/wp-json\/wp\/v2\/posts\/110\/revisions"}],"wp:attachment":[{"href":"https:\/\/blog.uclm.es\/albertomunoz\/wp-json\/wp\/v2\/media?parent=110"}],"wp:term":[{"taxonomy":"category","embeddable":true,"href":"https:\/\/blog.uclm.es\/albertomunoz\/wp-json\/wp\/v2\/categories?post=110"},{"taxonomy":"post_tag","embeddable":true,"href":"https:\/\/blog.uclm.es\/albertomunoz\/wp-json\/wp\/v2\/tags?post=110"}],"curies":[{"name":"wp","href":"https:\/\/api.w.org\/{rel}","templated":true}]}}